{"id":14738,"date":"2021-03-10T11:49:39","date_gmt":"2021-03-10T14:49:39","guid":{"rendered":"https:\/\/www.ifbaiano.edu.br\/unidades\/santaines\/?p=14738"},"modified":"2021-03-10T11:49:39","modified_gmt":"2021-03-10T14:49:39","slug":"sisu-2021-if-baiano-ofertara-820-vagas-para-selecao","status":"publish","type":"post","link":"https:\/\/www.ifbaiano.edu.br\/unidades\/santaines\/sisu-2021-if-baiano-ofertara-820-vagas-para-selecao\/","title":{"rendered":"Sisu 2021: IF Baiano ofertar\u00e1 820 vagas para sele\u00e7\u00e3o"},"content":{"rendered":"\n<p>O IF Baiano oferecer\u00e1, atrav\u00e9s do Sistema de Sele\u00e7\u00e3o Unificada (Sisu 2021), 820 vagas de gradua\u00e7\u00e3o, distribu\u00eddas entre 22 cursos de diversas \u00e1reas em dez campi da institui\u00e7\u00e3o. No&nbsp;<a href=\"https:\/\/concurso.ifbaiano.edu.br\/portal\/sisu2021\/wp-content\/uploads\/sites\/382\/2021\/02\/Termo-de-Ades%C3%A3o-14509.pdf\">termo de ades\u00e3o<\/a>, est\u00e3o especificados os cursos, vagas, modalidades, local de oferta e documenta\u00e7\u00e3o para matr\u00edcula.<\/p>\n\n\n\n<p><strong>Inscri\u00e7\u00e3o Sisu 2021.1<\/strong><\/p>\n\n\n\n<p>As inscri\u00e7\u00f5es ser\u00e3o realizadas entre os dias 6 e 9 de abril, exclusivamente, pelo portal do Sisu, no&nbsp;<a href=\"https:\/\/sisu.mec.gov.br\/#\/\">site do MEC<\/a>.<\/p>\n\n\n\n<p><strong>Como participar do Sisu 2021.1?<\/strong><\/p>\n\n\n\n<p>Para participar do Sisu do 1\u00ba semestre de 2021, o candidato precisa ter realizado o Exame Nacional do Ensino M\u00e9dio (Enem) em 2020 e obtido nota superior a zero na prova de reda\u00e7\u00e3o.<\/p>\n\n\n\n<p><strong>Resultado e matr\u00edcula<\/strong><\/p>\n\n\n\n<p>O resultado da chamada \u00fanica da primeira edi\u00e7\u00e3o do Sisu 2021 ser\u00e1 publicado no dia 13 de abril. Entre 14 e 19 de abril ser\u00e1 o per\u00edodo para efetuar a matr\u00edcula dos candidatos selecionados na chamada regular.<\/p>\n\n\n\n<p><strong>Lista de Espera<\/strong><\/p>\n\n\n\n<p>Quem n\u00e3o for selecionado na chamada \u00fanica do Sisu poder\u00e1 disputar uma das vagas ofertadas por meio da lista de espera. O prazo para manifestar interesse em participar da lista de espera ser\u00e1 de 13 a 19 de abril. A disponibiliza\u00e7\u00e3o da lista de espera no sistema do Sisu acontecer\u00e1 dia 22 de abril.<\/p>\n\n\n\n<p><strong>Confira&nbsp;<a href=\"https:\/\/concurso.ifbaiano.edu.br\/portal\/sisu2021\/wp-content\/uploads\/sites\/382\/2021\/02\/Tabela-de-vagas-SiSU-2021.pdf\">aqui&nbsp;<\/a>a tabela de cursos e abaixo o cronograma da sele\u00e7\u00e3o:<\/strong><\/p>\n\n\n\n<p>Inscri\u00e7\u00f5es: 06\/04\/2021 a 09\/04\/2021;<\/p>\n\n\n\n<p>Resultado da Chamada regular: 13\/04;<\/p>\n\n\n\n<p>Matr\u00edcula dos candidatos selecionados na chamada regular: 14\/04 a 19\/04;<\/p>\n\n\n\n<p>Lan\u00e7amento das vagas ocupadas na chamada regular: 14\/04 a 23\/04;<\/p>\n\n\n\n<p>Manifesta\u00e7\u00e3o de interesse em participar da lista de espera: 13\/04 a 19\/04;<\/p>\n\n\n\n<p>Disponibiliza\u00e7\u00e3o da lista de espera no sistema do Sisu Gest\u00e3o: 22\/04;<\/p>\n\n\n\n<p>Convoca\u00e7\u00e3o dos candidatos da lista de espera: a partir de 23\/04;<\/p>\n\n\n\n<p>Lan\u00e7amento das vagas ocupadas na lista de espera: 23\/04 a 31\/05\/2021.<\/p>\n\n\n\n<hr class=\"wp-block-separator\" \/>\n\n\n\n<p>Mat\u00e9ria ASCOM dispon\u00edvel em: https:\/\/ifbaiano.edu.br\/portal\/blog\/sisu-2021-if-baiano-ofertara-820-vagas-para-selecao\/<\/p>\n","protected":false},"excerpt":{"rendered":"<p>.<\/p>\n","protected":false},"author":86,"featured_media":14739,"comment_status":"closed","ping_status":"closed","sticky":false,"template":"","format":"standard","meta":[],"categories":[4,5,8,57],"tags":[],"_links":{"self":[{"href":"https:\/\/www.ifbaiano.edu.br\/unidades\/santaines\/wp-json\/wp\/v2\/posts\/14738"}],"collection":[{"href":"https:\/\/www.ifbaiano.edu.br\/unidades\/santaines\/wp-json\/wp\/v2\/posts"}],"about":[{"href":"https:\/\/www.ifbaiano.edu.br\/unidades\/santaines\/wp-json\/wp\/v2\/types\/post"}],"author":[{"embeddable":true,"href":"https:\/\/www.ifbaiano.edu.br\/unidades\/santaines\/wp-json\/wp\/v2\/users\/86"}],"replies":[{"embeddable":true,"href":"https:\/\/www.ifbaiano.edu.br\/unidades\/santaines\/wp-json\/wp\/v2\/comments?post=14738"}],"version-history":[{"count":1,"href":"https:\/\/www.ifbaiano.edu.br\/unidades\/santaines\/wp-json\/wp\/v2\/posts\/14738\/revisions"}],"predecessor-version":[{"id":14740,"href":"https:\/\/www.ifbaiano.edu.br\/unidades\/santaines\/wp-json\/wp\/v2\/posts\/14738\/revisions\/14740"}],"wp:featuredmedia":[{"embeddable":true,"href":"https:\/\/www.ifbaiano.edu.br\/unidades\/santaines\/wp-json\/wp\/v2\/media\/14739"}],"wp:attachment":[{"href":"https:\/\/www.ifbaiano.edu.br\/unidades\/santaines\/wp-json\/wp\/v2\/media?parent=14738"}],"wp:term":[{"taxonomy":"category","embeddable":true,"href":"https:\/\/www.ifbaiano.edu.br\/unidades\/santaines\/wp-json\/wp\/v2\/categories?post=14738"},{"taxonomy":"post_tag","embeddable":true,"href":"https:\/\/www.ifbaiano.edu.br\/unidades\/santaines\/wp-json\/wp\/v2\/tags?post=14738"}],"curies":[{"name":"wp","href":"https:\/\/api.w.org\/{rel}","templated":true}]}}