{"id":14741,"date":"2021-03-10T14:58:37","date_gmt":"2021-03-10T17:58:37","guid":{"rendered":"https:\/\/www.ifbaiano.edu.br\/unidades\/santaines\/?p=14741"},"modified":"2021-03-10T14:58:37","modified_gmt":"2021-03-10T17:58:37","slug":"nota-de-esclarecimento-sobre-aproveitamento-de-carga-horaria-e-notas-das-apnp-suplementar-para-os-cursos-integrados","status":"publish","type":"post","link":"https:\/\/www.ifbaiano.edu.br\/unidades\/santaines\/nota-de-esclarecimento-sobre-aproveitamento-de-carga-horaria-e-notas-das-apnp-suplementar-para-os-cursos-integrados\/","title":{"rendered":"Nota de esclarecimento sobre aproveitamento de Carga Hor\u00e1ria e Notas das APNP Suplementar para os Cursos Integrados"},"content":{"rendered":"\n<p>As atividades Pedag\u00f3gicas\u00a0N\u00e3o\u00a0Presenciais (APNP) desenvolvidas no campus Santa In\u00eas para os cursos Integrados ao Ensino M\u00e9dio (Agropecu\u00e1ria, Alimentos e Zootecnia), de forma suplementar no per\u00edodo de 16\/11\/2020 a 05\/03\/2021, equivaleram a 25% da carga hor\u00e1ria das disciplinas de cada s\u00e9rie. Ressalta-se que ser\u00e3o aproveitadas em sua totalidade (Carga Hor\u00e1ria e Notas), para os(as) estudantes que participaram, sem preju\u00edzos aos que n\u00e3o acompanharam.<\/p>\n\n\n\n<p>Durante o per\u00edodo, cada \u00e1rea\/componente curricular realizou, no m\u00ednimo, dois instrumentos avaliativos e, caso n\u00e3o ocorra aprova\u00e7\u00e3o, tem-se o per\u00edodo de 08 a 19\/03 para realiza\u00e7\u00e3o das recupera\u00e7\u00f5es finais e resolu\u00e7\u00e3o de pend\u00eancias.<\/p>\n\n\n\n<p>Salienta-se que a carga hor\u00e1ria trabalhada e a nota final obtida durante o per\u00edodo suplementar ser\u00e3o aproveitadas ao t\u00e9rmino do ano letivo de 2020 e corresponder\u00e1 a 25% da carga hor\u00e1ria total da s\u00e9rie por \u00e1rea\/disciplina na forma de trabalho interdisciplinar.<\/p>\n\n\n\n<p>Assim, para os(as) alunos(as) que cursaram as APNP suplementar e que foram aprovados(as), no per\u00edodo letivo seguinte (regular), ser\u00e1 facultada a participa\u00e7\u00e3o nos 25% da carga hor\u00e1ria das disciplinas correspondentes \u00e0s atividades interdisciplinares, uma vez que j\u00e1 tiveram aproveitamento no Semestre Suplementar. Esse per\u00edodo constar\u00e1 no Calend\u00e1rio Acad\u00eamico.<\/p>\n\n\n\n<p>No per\u00edodo de 22 a 26 de mar\u00e7o, a gest\u00e3o, docentes e equipe pedag\u00f3gica do campus ir\u00e3o realizar a Jornada Pedag\u00f3gica virtual, conforme calend\u00e1rio das APNP, que consistir\u00e1 em um per\u00edodo de avalia\u00e7\u00e3o das APNP suplementar e planejamento das atividades regulares. O Calend\u00e1rio Acad\u00eamico para APNP regular est\u00e1 em fase de elabora\u00e7\u00e3o, tendo como previs\u00e3o para in\u00edcio das atividades 05\/04.<\/p>\n\n\n\n<p>Clique para visualizar a <strong><a href=\"https:\/\/www.ifbaiano.edu.br\/unidades\/santaines\/files\/2021\/03\/Nota-de-esclarecimento-marco-2020-APROVEITAMENTO-CARGA-HORARIA-E-NOTAS.pdf\">NOTA<\/a><\/strong> (arquivo em PDF).<\/p>\n\n\n\n<hr class=\"wp-block-separator\" \/>\n","protected":false},"excerpt":{"rendered":"<p>.<\/p>\n","protected":false},"author":86,"featured_media":0,"comment_status":"closed","ping_status":"closed","sticky":false,"template":"","format":"standard","meta":[],"categories":[4,13,5,57],"tags":[],"_links":{"self":[{"href":"https:\/\/www.ifbaiano.edu.br\/unidades\/santaines\/wp-json\/wp\/v2\/posts\/14741"}],"collection":[{"href":"https:\/\/www.ifbaiano.edu.br\/unidades\/santaines\/wp-json\/wp\/v2\/posts"}],"about":[{"href":"https:\/\/www.ifbaiano.edu.br\/unidades\/santaines\/wp-json\/wp\/v2\/types\/post"}],"author":[{"embeddable":true,"href":"https:\/\/www.ifbaiano.edu.br\/unidades\/santaines\/wp-json\/wp\/v2\/users\/86"}],"replies":[{"embeddable":true,"href":"https:\/\/www.ifbaiano.edu.br\/unidades\/santaines\/wp-json\/wp\/v2\/comments?post=14741"}],"version-history":[{"count":1,"href":"https:\/\/www.ifbaiano.edu.br\/unidades\/santaines\/wp-json\/wp\/v2\/posts\/14741\/revisions"}],"predecessor-version":[{"id":14743,"href":"https:\/\/www.ifbaiano.edu.br\/unidades\/santaines\/wp-json\/wp\/v2\/posts\/14741\/revisions\/14743"}],"wp:attachment":[{"href":"https:\/\/www.ifbaiano.edu.br\/unidades\/santaines\/wp-json\/wp\/v2\/media?parent=14741"}],"wp:term":[{"taxonomy":"category","embeddable":true,"href":"https:\/\/www.ifbaiano.edu.br\/unidades\/santaines\/wp-json\/wp\/v2\/categories?post=14741"},{"taxonomy":"post_tag","embeddable":true,"href":"https:\/\/www.ifbaiano.edu.br\/unidades\/santaines\/wp-json\/wp\/v2\/tags?post=14741"}],"curies":[{"name":"wp","href":"https:\/\/api.w.org\/{rel}","templated":true}]}}