{"id":14747,"date":"2021-03-18T17:32:19","date_gmt":"2021-03-18T20:32:19","guid":{"rendered":"https:\/\/www.ifbaiano.edu.br\/unidades\/santaines\/?p=14747"},"modified":"2021-03-18T17:32:19","modified_gmt":"2021-03-18T20:32:19","slug":"campus-santa-ines-realiza-jornada-pedagogica-virtual","status":"publish","type":"post","link":"https:\/\/www.ifbaiano.edu.br\/unidades\/santaines\/campus-santa-ines-realiza-jornada-pedagogica-virtual\/","title":{"rendered":"Campus Santa In\u00eas realiza Jornada Pedag\u00f3gica Virtual"},"content":{"rendered":"\n<p>O Instituto Federal de Educa\u00e7\u00e3o, Ci\u00eancia e Tecnologia Baiano \u2013\u00a0<em>Campus<\/em>\u00a0Santa In\u00eas, realizar\u00e1, entre os dias 22 a 26 de mar\u00e7o de 2021, a Jornada Pedag\u00f3gica com o tema\u00a0&#8220;Educa\u00e7\u00e3o em tempos de pandemia: desafios e perspectivas&#8221;.<\/p>\n\n\n\n<p>Este ano, diante do contexto de pandemia, \u00a0a Jornada Pedag\u00f3gica ocorrer\u00e1 de forma virtual e\u00a0ter\u00e1 como pauta as Atividades Pedag\u00f3gicas N\u00e3o Presenciais (APNP) dispondo, em perspectiva, os desafios impostos pelo cen\u00e1rio.<\/p>\n\n\n\n<p>A\u00a0Jornada Pedag\u00f3gica representa um espa\u00e7o coletivo de planejamento das a\u00e7\u00f5es a serem desenvolvidas no ano\/semestre letivo, bem como um momento em que equipe gestora, docentes e t\u00e9cnicos partilham ideias, ensinam e aprendem na coletividade, com o prop\u00f3sito de promover o fortalecimento do processo educativo.<\/p>\n\n\n\n<p>Na programa\u00e7\u00e3o est\u00e3o previstas apresenta\u00e7\u00f5es cultural e institucional, palestra, debate, avalia\u00e7\u00f5es das propostas trabalhadas entre outras coisas.<\/p>\n\n\n\n<p><strong>Veja a Programa\u00e7\u00e3o:<\/strong><br><strong>Dia 22\/03:<\/strong><br>Manh\u00e3:<br>9h &#8211; 9h10min: Apresenta\u00e7\u00e3o cultural -Maria Eduarda, egressa do curso t\u00e9cnico em Alimentos;<br>9h10min \u2013 10h: Apresenta\u00e7\u00e3o institucional \u2013 Abdon Nogueira (DG), Daniele de Matos (DA) e Genilda Lima (CE)<br>10h &#8211; 11h30min: Palestra: Sa\u00fade mental em tempos de pandemia \u2013 Suomi Cabral e Tailan Andrade IF Baiano campus Santa In\u00eas<br>Tarde:<br>14h \u2013 14h30min &#8211; Avalia\u00e7\u00e3o das APNP suplementar;<br>14h40min \u2013 16h &#8211; Debate<\/p>\n\n\n\n<p><strong>Dia 23\/03:<\/strong><br>Manh\u00e3:<br>9h -11h \u2013Avalia\u00e7\u00e3o formativa &#8211; Abner Nunes Emerich de Paula IF Baiano campus Teixeira de Freitas<br>Tarde:<br>14h \u2013 16h &#8211; Instrumentos avaliativos &#8211; Abner Nunes Emerich de Paula IF Baiano campus Teixeira de Freitas<\/p>\n\n\n\n<p><strong>24\/03:<\/strong><br>Manh\u00e3:<br>9h \u2013 11h &#8211; Produ\u00e7\u00e3o de videoaulas: planejamento, grava\u00e7\u00e3o e transmiss\u00e3o &#8211; Maur\u00edcio de Almeida Pereira IF Baiano campus Catu.<br>Tarde:<br>14h \u2013 16h &#8211; Plataforma Moodle &#8211; Jos\u00e9 Pereira Torres IF Baiano campus Teixeira de Freitas<\/p>\n\n\n\n<p><strong>25\/03:<\/strong><br>Tarde<br>14h \u2013 16h \u2013 Momento CE e Equipe pedag\u00f3gica \u2013 Plano de Ensino<\/p>\n\n\n\n<p><strong>26\/03:<\/strong> Planejamento.<\/p>\n\n\n\n<p><strong><a href=\"https:\/\/www.ifbaiano.edu.br\/unidades\/santaines\/files\/2021\/03\/Jornada-Pedagogica-Virtual.pdf\">Acesse AQUI a programa\u00e7\u00e3o em PDF<\/a><\/strong><\/p>\n\n\n\n<hr class=\"wp-block-separator\" \/>\n\n\n\n<p><\/p>\n","protected":false},"excerpt":{"rendered":"<p>.<\/p>\n","protected":false},"author":86,"featured_media":0,"comment_status":"closed","ping_status":"closed","sticky":false,"template":"","format":"standard","meta":[],"categories":[4,5,57],"tags":[],"_links":{"self":[{"href":"https:\/\/www.ifbaiano.edu.br\/unidades\/santaines\/wp-json\/wp\/v2\/posts\/14747"}],"collection":[{"href":"https:\/\/www.ifbaiano.edu.br\/unidades\/santaines\/wp-json\/wp\/v2\/posts"}],"about":[{"href":"https:\/\/www.ifbaiano.edu.br\/unidades\/santaines\/wp-json\/wp\/v2\/types\/post"}],"author":[{"embeddable":true,"href":"https:\/\/www.ifbaiano.edu.br\/unidades\/santaines\/wp-json\/wp\/v2\/users\/86"}],"replies":[{"embeddable":true,"href":"https:\/\/www.ifbaiano.edu.br\/unidades\/santaines\/wp-json\/wp\/v2\/comments?post=14747"}],"version-history":[{"count":1,"href":"https:\/\/www.ifbaiano.edu.br\/unidades\/santaines\/wp-json\/wp\/v2\/posts\/14747\/revisions"}],"predecessor-version":[{"id":14749,"href":"https:\/\/www.ifbaiano.edu.br\/unidades\/santaines\/wp-json\/wp\/v2\/posts\/14747\/revisions\/14749"}],"wp:attachment":[{"href":"https:\/\/www.ifbaiano.edu.br\/unidades\/santaines\/wp-json\/wp\/v2\/media?parent=14747"}],"wp:term":[{"taxonomy":"category","embeddable":true,"href":"https:\/\/www.ifbaiano.edu.br\/unidades\/santaines\/wp-json\/wp\/v2\/categories?post=14747"},{"taxonomy":"post_tag","embeddable":true,"href":"https:\/\/www.ifbaiano.edu.br\/unidades\/santaines\/wp-json\/wp\/v2\/tags?post=14747"}],"curies":[{"name":"wp","href":"https:\/\/api.w.org\/{rel}","templated":true}]}}