{"id":14855,"date":"2021-04-14T15:37:00","date_gmt":"2021-04-14T18:37:00","guid":{"rendered":"https:\/\/www.ifbaiano.edu.br\/unidades\/santaines\/?p=14855"},"modified":"2021-04-14T15:37:11","modified_gmt":"2021-04-14T18:37:11","slug":"campus-santa-ines-divulga-nota-informativa-sobre-a-retomada-das-atividades-remotas-dos-cursos-de-licenciatura","status":"publish","type":"post","link":"https:\/\/www.ifbaiano.edu.br\/unidades\/santaines\/campus-santa-ines-divulga-nota-informativa-sobre-a-retomada-das-atividades-remotas-dos-cursos-de-licenciatura\/","title":{"rendered":"Campus Santa In\u00eas divulga Nota Informativa sobre a retomada das atividades Remotas dos Cursos de Licenciatura"},"content":{"rendered":"\n<p>Prezadas\/os discentes<\/p>\n\n\n\n<p><br>Esperamos que estejam todos bem e gozando de sa\u00fade. Ap\u00f3s a conclus\u00e3o do semestre suplementar, no qual tivemos um primeiro contato com o ensino remoto, o IF Baiano Campus Santa In\u00eas iniciou a discuss\u00e3o para a retomada do semestre 2020.1 no formato regular. Os cursos de Licenciatura em Geografia e Licenciatura em Ci\u00eancias Biol\u00f3gicas realizaram reuni\u00f5es conjuntas e uma semana de planejamento com o objetivo de alinhar as a\u00e7\u00f5es e possibilitar o menor preju\u00edzo poss\u00edvel a todas\/os em meio a essa situa\u00e7\u00e3o de pandemia e de suas consequ\u00eancias sociais, econ\u00f4micas e para a educa\u00e7\u00e3o, al\u00e9m de todas as vidas que j\u00e1 foram ceifadas. Diante da impossibilidade da retomada presencial das atividades acad\u00eamicas, segundo as orienta\u00e7\u00f5es dos principais \u00f3rg\u00e3os de sa\u00fade nacionais e internacionais, daremos continuidade de maneira remota \u00e0s atividades de ensino nos cursos de licenciatura a partir do dia 19\/04\/2021 com a retomada do semestre 2020.1, seguindo as orienta\u00e7\u00f5es da Resolu\u00e7\u00e3o 90\/2020 que instrui a oferta de componentes via Atividades Pedag\u00f3gicas N\u00e3o Presenciais.<\/p>\n\n\n\n<p>Haver\u00e1 uma semana de acolhimento e ambienta\u00e7\u00e3o, visando a prepara\u00e7\u00e3o para o in\u00edcio das atividades e um tempo h\u00e1bil para que possamos chegar ao m\u00e1ximo de discentes poss\u00edvel, n\u00e3o \u00e9 hora de deixarmos ningu\u00e9m para tr\u00e1s! Conforme solicita\u00e7\u00e3o do corpo docente e discente teremos tamb\u00e9m uma semana com um treinamento na Plataforma Moodle, que ser\u00e1 nossa plataforma oficial para as atividades ass\u00edncronas e \u00e9 de fundamental import\u00e2ncia que todas\/os consigam ter acesso e dominem as principais rotinas. <\/p>\n\n\n\n<p>\u00c9 importante ressaltar que n\u00e3o haver\u00e1 um per\u00edodo de matr\u00edcula por se tratar da continuidade do semestre 2020.1, portanto, todas\/os j\u00e1 est\u00e3o matriculadas\/os nas disciplinas que ser\u00e3o ofertadas. Ser\u00e1 garantido um per\u00edodo para trancamento de disciplinas no calend\u00e1rio acad\u00eamico que est\u00e1 sendo elaborado e ser\u00e1 amplamente divulgado. Demais informa\u00e7\u00f5es sobre a retomada do semestre regular 2020.1 e seu funcionamento, rotinas, bem como as possibilidades dentro desse modelo de APNP e na nova organiza\u00e7\u00e3o did\u00e1tica ser\u00e3o disponibilizadas na semana de acolhimento.<\/p>\n\n\n\n<p><a href=\"https:\/\/www.ifbaiano.edu.br\/unidades\/santaines\/files\/2021\/04\/Programacao-Acolhimento-e-Formacao-no-MOODLE-Link.pdf\">Confira a programa\u00e7\u00e3o da Semana de Acolhimento e do Treinamento Moodle:<\/a><\/p>\n\n\n\n<p><a href=\"https:\/\/www.ifbaiano.edu.br\/unidades\/santaines\/files\/2021\/04\/Nota-retomada-2020-1-licenciatura-2.pdf\">Veja AQUI a Nota  Informativa (documento em PDF)<\/a><\/p>\n","protected":false},"excerpt":{"rendered":"<p>.<\/p>\n","protected":false},"author":86,"featured_media":0,"comment_status":"closed","ping_status":"closed","sticky":false,"template":"","format":"standard","meta":[],"categories":[4,12,5,6,10,57],"tags":[],"_links":{"self":[{"href":"https:\/\/www.ifbaiano.edu.br\/unidades\/santaines\/wp-json\/wp\/v2\/posts\/14855"}],"collection":[{"href":"https:\/\/www.ifbaiano.edu.br\/unidades\/santaines\/wp-json\/wp\/v2\/posts"}],"about":[{"href":"https:\/\/www.ifbaiano.edu.br\/unidades\/santaines\/wp-json\/wp\/v2\/types\/post"}],"author":[{"embeddable":true,"href":"https:\/\/www.ifbaiano.edu.br\/unidades\/santaines\/wp-json\/wp\/v2\/users\/86"}],"replies":[{"embeddable":true,"href":"https:\/\/www.ifbaiano.edu.br\/unidades\/santaines\/wp-json\/wp\/v2\/comments?post=14855"}],"version-history":[{"count":2,"href":"https:\/\/www.ifbaiano.edu.br\/unidades\/santaines\/wp-json\/wp\/v2\/posts\/14855\/revisions"}],"predecessor-version":[{"id":14857,"href":"https:\/\/www.ifbaiano.edu.br\/unidades\/santaines\/wp-json\/wp\/v2\/posts\/14855\/revisions\/14857"}],"wp:attachment":[{"href":"https:\/\/www.ifbaiano.edu.br\/unidades\/santaines\/wp-json\/wp\/v2\/media?parent=14855"}],"wp:term":[{"taxonomy":"category","embeddable":true,"href":"https:\/\/www.ifbaiano.edu.br\/unidades\/santaines\/wp-json\/wp\/v2\/categories?post=14855"},{"taxonomy":"post_tag","embeddable":true,"href":"https:\/\/www.ifbaiano.edu.br\/unidades\/santaines\/wp-json\/wp\/v2\/tags?post=14855"}],"curies":[{"name":"wp","href":"https:\/\/api.w.org\/{rel}","templated":true}]}}