{"id":14859,"date":"2021-04-25T22:02:00","date_gmt":"2021-04-26T01:02:00","guid":{"rendered":"https:\/\/www.ifbaiano.edu.br\/unidades\/santaines\/?p=14859"},"modified":"2021-04-28T15:00:14","modified_gmt":"2021-04-28T18:00:14","slug":"campus-publica-nota-sobre-cursos-tecnicos-e-subsequente-e-agendamento-de-reunioes-com-pais","status":"publish","type":"post","link":"https:\/\/www.ifbaiano.edu.br\/unidades\/santaines\/campus-publica-nota-sobre-cursos-tecnicos-e-subsequente-e-agendamento-de-reunioes-com-pais\/","title":{"rendered":"Campus publica Nota sobre Cursos T\u00e9cnicos Integrados e subsequente e Agendamento de reuni\u00f5es com pais"},"content":{"rendered":"\n<p>Atividades Pedag\u00f3gicas N\u00e3o Presenciais (APNP) regular para os cursos Integrados ao Ensino M\u00e9dio (Agropecu\u00e1ria, Alimentos, Zootecnia e PROEJA), subsequente de Inform\u00e1tica e Agendamento de reuni\u00f5es de pais.<\/p>\n\n\n\n<p>Prezados(as),<\/p>\n\n\n\n<p>Considerando que as Atividades Pedag\u00f3gicas N\u00e3o Presenciais (APNP) regular<br>para os cursos Integrados ao Ensino M\u00e9dio (Agropecu\u00e1ria, Alimentos, Zootecnia e<br>PROEJA) e subsequente de Inform\u00e1tica, iniciaram no campus Santa In\u00eas no dia 05\/04, informamos:<\/p>\n\n\n\n<ol><li>No per\u00edodo de 22 a 26\/03\/2021 foi realizada a Jornada Pedag\u00f3gica Virtual do campus, com a gest\u00e3o, docentes e equipe pedag\u00f3gica, visando realizar o planejamento das APNP regular, discutiu-se pontos importantes para subsidiar<br>este planejamento, como acesso dos alunos \u00e0 internet, plataformas digitais,<br>estrat\u00e9gias para o ensino remoto, entre outro;<\/li><li>Do per\u00edodo de 05\/04 a 09\/04 os estudantes participaram de atividades, visando acolhida, onde foram abordados os seguintes pontos:<ul><li>Apresenta\u00e7\u00e3o da din\u00e2mica das APNP regular \u2013 ano letivo 2020, calend\u00e1rio, estrutura e funcionamento;<\/li><li>Momento de acolhida e escuta;<\/li><li>Forma\u00e7\u00e3o na plataforma Moodle<\/li><li>Plant\u00e3o Estudantil\/Roda de Conversa\/N\u00facleo de Sa\u00fade;<\/li><li>Capacita\u00e7\u00e3o Biblioteca;<\/li><li>Est\u00e1gio ( 3\u00aas S\u00e9ries).<\/li><\/ul><\/li><li>No dia 12\/04 iniciaram as atividades s\u00edncronas &#8211; encontros virtuais dos docentes com os estudantes no mesmo instante, e atividades ass\u00edncronas &#8211; atividades postadas no ambiente virtual de aprendizagem (Moodle) pelo(a) docente para acesso do(a) discente em tempo e espa\u00e7o determinados.<\/li><li>Organiza\u00e7\u00e3o e publiciza\u00e7\u00e3o de hor\u00e1rios das Apnp:<\/li><\/ol>\n\n\n\n<ul><li>Os Cursos Integrados e Subsequente do campus Santa In\u00eas ofertar\u00e3o, se poss\u00edvel, todos os componentes curriculares do semestre letivo 2020, por meio de APNP;<\/li><li>Os componentes curriculares nos cursos integrados ser\u00e3o ofertados por blocos<br>de disciplinas, com prazos definidos em Calend\u00e1rio Acad\u00eamico divulgado no site<br>do campus (https:\/\/www.ifbaiano.edu.br\/unidades\/santaines\/calendarios\/).<\/li><li>No curso Subsequente os hor\u00e1rios foram organizados, distribuindo semanalmente os componentes curriculares por semestre;<\/li><li>Os hor\u00e1rios est\u00e3o dispon\u00edveis no site do campus.<\/li><\/ul>\n\n\n\n<p>5. No per\u00edodo de 12 a 16\/04, est\u00e3o previstas reuni\u00f5es com Diretoria Acad\u00eamica,<br>Coordena\u00e7\u00e3o de Ensino, Coordenadores de Curso e Equipe T\u00e9cnico Pedag\u00f3gica,<br>visando o planejamento da reuni\u00e3o virtuais com os pais e\/ou respons\u00e1veis, com<br>objetivo de esclarecer e tirar d\u00favidas com rela\u00e7\u00e3o \u00e0s APNP, as reuni\u00f5es est\u00e3o agendadas conforme o que se segue:<\/p>\n\n\n\n<hr class=\"wp-block-separator\" \/>\n\n\n\n<p>5.1. Reuni\u00e3o com pais e\/ou respons\u00e1veis pelos estudantes dos Primeiros Anos dos<br>Cursos de Alimentos, Agropecu\u00e1ria e Zootecnia.<br>Data: 26\/04<br>Hor\u00e1rio: 14h -16h<\/p>\n\n\n\n<p><a href=\"https:\/\/us02web.zoom.us\/j\/84998475039?pwd=czlLaVowcVZwVlF4cldHZld4cVVxdz09\">Clique AQUI para acessar a sala de reuni\u00f5es<\/a> ou copie o link a seguir e cole no seu navegador: https:\/\/us02web.zoom.us\/j\/84998475039?pwd=czlLaVowcVZwVlF4cldHZld4cVVxdz09<\/p>\n\n\n\n<hr class=\"wp-block-separator\" \/>\n\n\n\n<p>5.2.Reuni\u00e3o com pais e\/ou respons\u00e1veis pelos estudantes dos Segundos Anos dos Cursos de Alimentos, Agropecu\u00e1ria e Zootecnia.<br>Data: 28\/04<br>Hor\u00e1rio: 14h -16h<\/p>\n\n\n\n<p><a href=\"https:\/\/us02web.zoom.us\/j\/85488356184?pwd=cEo4cGtWSG9tUFE2ekdUS2ZEWUxzQT09\">Clique AQUI para acessar a sala de reuni\u00f5es<\/a> ou copie o link a seguir e cole no seu navegador: https:\/\/us02web.zoom.us\/j\/85488356184?pwd=cEo4cGtWSG9tUFE2ekdUS2ZEWUxzQT09<\/p>\n\n\n\n<hr class=\"wp-block-separator\" \/>\n\n\n\n<p>5.3.Reuni\u00e3o com pais e\/ou respons\u00e1veis pelos estudantes dos Terceiros Anos dos<br>Cursos de Alimentos, Agropecu\u00e1ria e Zootecnia.<br>Data: 29\/04<br>Hor\u00e1rio: 9h -11h<\/p>\n\n\n\n<p><a href=\"https:\/\/us02web.zoom.us\/j\/84059850803?pwd=MjlhRGg5OURIa2pxcmd2Y1o4aHgxQT09\">Clique AQUI para acessar a sala de reuni\u00f5es<\/a> ou copie o link a seguir e cole no seu navegador: https:\/\/us02web.zoom.us\/j\/84059850803?pwd=MjlhRGg5OURIa2pxcmd2Y1o4aHgxQT09<\/p>\n\n\n\n<hr class=\"wp-block-separator\" \/>\n\n\n\n<p><a href=\"https:\/\/www.ifbaiano.edu.br\/unidades\/santaines\/files\/2021\/04\/Nota-Informativa-APNP-regular-cursos-integrados.pdf\">Veja AQUI documento em PDF<\/a><\/p>\n\n\n\n<hr class=\"wp-block-separator\" \/>\n\n\n\n<p><\/p>\n","protected":false},"excerpt":{"rendered":"<p>.<\/p>\n","protected":false},"author":86,"featured_media":0,"comment_status":"closed","ping_status":"closed","sticky":false,"template":"","format":"standard","meta":[],"categories":[4,13,5,57],"tags":[],"_links":{"self":[{"href":"https:\/\/www.ifbaiano.edu.br\/unidades\/santaines\/wp-json\/wp\/v2\/posts\/14859"}],"collection":[{"href":"https:\/\/www.ifbaiano.edu.br\/unidades\/santaines\/wp-json\/wp\/v2\/posts"}],"about":[{"href":"https:\/\/www.ifbaiano.edu.br\/unidades\/santaines\/wp-json\/wp\/v2\/types\/post"}],"author":[{"embeddable":true,"href":"https:\/\/www.ifbaiano.edu.br\/unidades\/santaines\/wp-json\/wp\/v2\/users\/86"}],"replies":[{"embeddable":true,"href":"https:\/\/www.ifbaiano.edu.br\/unidades\/santaines\/wp-json\/wp\/v2\/comments?post=14859"}],"version-history":[{"count":8,"href":"https:\/\/www.ifbaiano.edu.br\/unidades\/santaines\/wp-json\/wp\/v2\/posts\/14859\/revisions"}],"predecessor-version":[{"id":14961,"href":"https:\/\/www.ifbaiano.edu.br\/unidades\/santaines\/wp-json\/wp\/v2\/posts\/14859\/revisions\/14961"}],"wp:attachment":[{"href":"https:\/\/www.ifbaiano.edu.br\/unidades\/santaines\/wp-json\/wp\/v2\/media?parent=14859"}],"wp:term":[{"taxonomy":"category","embeddable":true,"href":"https:\/\/www.ifbaiano.edu.br\/unidades\/santaines\/wp-json\/wp\/v2\/categories?post=14859"},{"taxonomy":"post_tag","embeddable":true,"href":"https:\/\/www.ifbaiano.edu.br\/unidades\/santaines\/wp-json\/wp\/v2\/tags?post=14859"}],"curies":[{"name":"wp","href":"https:\/\/api.w.org\/{rel}","templated":true}]}}