{"id":14874,"date":"2021-04-19T11:03:16","date_gmt":"2021-04-19T14:03:16","guid":{"rendered":"https:\/\/www.ifbaiano.edu.br\/unidades\/santaines\/?p=14874"},"modified":"2021-04-19T18:01:37","modified_gmt":"2021-04-19T21:01:37","slug":"sisu-2021-edital-chamada-para-matricula","status":"publish","type":"post","link":"https:\/\/www.ifbaiano.edu.br\/unidades\/santaines\/sisu-2021-edital-chamada-para-matricula\/","title":{"rendered":"SiSU 2021: Edital \u2013 Chamada para Matr\u00edcula"},"content":{"rendered":"\n<p>Come\u00e7a hoje (19) e vai at\u00e9 o dia 23 de abril o per\u00edodo para matr\u00edcula dos <a href=\"https:\/\/www.ifbaiano.edu.br\/unidades\/santaines\/files\/2021\/04\/Santa-Ines-SISU-20211.pdf\">candidatos selecionados na chamada regular<\/a>. O procedimento deve ser feito exclusivamente de forma eletr\u00f4nica, por meio do envio do formul\u00e1rio de inscri\u00e7\u00e3o de matr\u00edcula preenchido e da documenta\u00e7\u00e3o pessoal espec\u00edfica para modalidade de vaga em que o candidato foi aprovado.<\/p>\n\n\n\n<p>O IF Baiano oferecer\u00e1, atrav\u00e9s do Sistema de Sele\u00e7\u00e3o Unificada (Sisu 2021), 820 vagas de gradua\u00e7\u00e3o, distribu\u00eddas entre 22 cursos de diversas \u00e1reas em dez campi da institui\u00e7\u00e3o. No Campus Santa In\u00eas ser\u00e3o ofertadas 80 vagas, sendo 20 vagas para o curso de <a href=\"https:\/\/ifbaiano.edu.br\/portal\/ciencias-biologicas-santa-ines\/\">Licenciatura em Ci\u00eancias Biol\u00f3gicas<\/a>, 20 vagas para o curso de <a href=\"https:\/\/ifbaiano.edu.br\/portal\/geografia-santa-ines\/\">Licenciatura em Geografia<\/a> e 40 vagas para o curso de <a href=\"https:\/\/ifbaiano.edu.br\/portal\/zootecnia-santa-ines\/\">Bacharelado em Zootecnia<\/a>.<\/p>\n\n\n\n<p>O(A) candidato(a) deve ler todo o <a href=\"https:\/\/concurso.ifbaiano.edu.br\/portal\/sisu2021\/wp-content\/uploads\/sites\/382\/2021\/04\/Edital-de-Matr%C3%ADcula-Sisu-2021.1.pdf\">Editall n\u00ba 25 &#8211; Chamada para matr\u00edcula &#8211; SiSU 2021.1<\/a>. Ap\u00f3s reunir os documentos e preencher o formul\u00e1rio de matr\u00edcula, estes devem ser enviados ao e-mail prosel.ines@ifbaiano.edu.br.\u00a0Ap\u00f3s o retorno presencial das atividades, os candidatos matriculados ser\u00e3o convocados para apresenta\u00e7\u00e3o da documenta\u00e7\u00e3o original comprobat\u00f3ria.<\/p>\n\n\n\n<p>Acesse o&nbsp;<strong><a href=\"https:\/\/concurso.ifbaiano.edu.br\/portal\/sisu2021\/wp-content\/uploads\/sites\/382\/2021\/02\/Termo-de-Ades%C3%A3o-14509.pdf\">termo de ades\u00e3o<\/a>,<\/strong>&nbsp;e confira a documenta\u00e7\u00e3o para matr\u00edcula. <\/p>\n\n\n\n<p>Quem n\u00e3o foi selecionado na chamada \u00fanica do Sisu poder\u00e1 disputar uma das vagas ofertadas por meio da lista de espera. O(A) candidato(a) dever\u00e1 obrigatoriamente confirmar o interesse \u00e0 vaga, por meio da <a href=\"https:\/\/sisu.mec.gov.br\/#\/\">P\u00e1gina do SiSU<\/a> na Internet, at\u00e9 as 23 horas e 59 minutos do dia 23 de abril de 2021.<\/p>\n\n\n\n<p><strong>Confira\u00a0<a href=\"https:\/\/concurso.ifbaiano.edu.br\/portal\/sisu2021\/wp-content\/uploads\/sites\/382\/2021\/04\/Edital-de-Matr%C3%ADcula-Sisu-2021.1.pdf\">AQUI <\/a>o Edital ou acesse a <a href=\"https:\/\/concurso.ifbaiano.edu.br\/portal\/sisu2021\/\">P\u00e1gina<\/a> para todas as informa\u00e7\u00f5es sobre o SiSu 2021 no IF Baiano.<\/strong> <\/p>\n\n\n\n<h2 class=\"wp-block-heading\"><strong>Informa\u00e7\u00e3o para estudantes do IF Baiano<\/strong><\/h2>\n\n\n\n<p>Os estudantes das 3\u00aa s\u00e9ries do IF Baiano que foram aprovados nos cursos superiores atrav\u00e9s do SISU\/ENEM 2021, em cursos do IF Baiano ou de outras institui\u00e7\u00f5es, e necessitam da certifica\u00e7\u00e3o do Ensino M\u00e9dio para realiza\u00e7\u00e3o de matr\u00edcula, podem requerer a&nbsp;<strong>emiss\u00e3o de declara\u00e7\u00e3o de conclus\u00e3o do Ensino M\u00e9dio<\/strong>, em car\u00e1ter excepcional, em fun\u00e7\u00e3o da pandemia da COVID-19, no \u00e2mbito do IF Baiano.<\/p>\n\n\n\n<p>Para fazer a solicita\u00e7\u00e3o, os estudantes dever\u00e3o seguir os procedimentos e orienta\u00e7\u00f5es presentes na&nbsp;<a href=\"https:\/\/ifbaiano.edu.br\/portal\/wp-content\/uploads\/2021\/04\/Portaria-Normativa-1-2021-RET-GAB-RET-IFBAIANO_CONSOLIDADA.pdf\">Portaria Normativa 1\/2021<\/a>, de 15 de abril de 2021, atualizada pela&nbsp;<a href=\"https:\/\/ifbaiano.edu.br\/portal\/wp-content\/uploads\/2021\/04\/Portaria-Normativa-2-2021.pdf\">Portaria Normativa 2\/2021<\/a>.<\/p>\n\n\n\n<p>A solicita\u00e7\u00e3o pode ser feita pelo estudante ou seu representante legal, junto \u00e0 Secretaria de Registros Acad\u00eamicos dos&nbsp;<em>campi<\/em>, por e-mail, com o envio deste&nbsp;<a rel=\"noreferrer noopener\" target=\"_blank\" href=\"https:\/\/ifbaiano.edu.br\/portal\/ensino\/wp-content\/uploads\/sites\/2\/2021\/04\/Requerimento-declaracao-conclusao-ensino-medio-REVISADA.doc\">Requerimento<\/a>. Al\u00e9m disso, o requerente dever\u00e1 apresentar as c\u00f3pias dos seguintes documentos:<\/p>\n\n\n\n<ul><li>Boletim de desempenho do estudante no ENEM;<\/li><li>Documento de Identifica\u00e7\u00e3o com foto;<\/li><li>Cadastro de Pessoas F\u00edsicas \u2013 CPF;<\/li><li>Certid\u00e3o de Nascimento ou Casamento;<\/li><li>Comprovante de quita\u00e7\u00e3o com a Justi\u00e7a Eleitoral, obrigat\u00f3rio para os maiores de 18 (dezoito) anos;<\/li><li>Termo Nada Consta dos setores acad\u00eamicos (SRA, Biblioteca e CAE);<\/li><li>Comprovante de quita\u00e7\u00e3o ou regularidade com o Servi\u00e7o Militar, obrigat\u00f3rio para os interessados do sexo masculino e maior de dezoito anos;<\/li><li>Documento comprobat\u00f3rio de aprova\u00e7\u00e3o em Sistema de Sele\u00e7\u00e3o Unificada (SISU) ou Programa Universidade para Todos (PROUNI) para ingresso no Ensino Superior;<\/li><li>Documento comprobat\u00f3rio de que \u00e9 o respons\u00e1vel legalmente constitu\u00eddo pelo discente, obrigat\u00f3rio para os casos em que o representante do aluno menor n\u00e3o seja o pai ou m\u00e3e.<\/li><\/ul>\n\n\n\n<hr class=\"wp-block-separator\" \/>\n\n\n\n<p><\/p>\n","protected":false},"excerpt":{"rendered":"<p>Per\u00edodo de matr\u00edculas: de 19 a 23 de abril de 2021<\/p>\n","protected":false},"author":86,"featured_media":14739,"comment_status":"closed","ping_status":"closed","sticky":false,"template":"","format":"standard","meta":[],"categories":[4,12,5,57],"tags":[],"_links":{"self":[{"href":"https:\/\/www.ifbaiano.edu.br\/unidades\/santaines\/wp-json\/wp\/v2\/posts\/14874"}],"collection":[{"href":"https:\/\/www.ifbaiano.edu.br\/unidades\/santaines\/wp-json\/wp\/v2\/posts"}],"about":[{"href":"https:\/\/www.ifbaiano.edu.br\/unidades\/santaines\/wp-json\/wp\/v2\/types\/post"}],"author":[{"embeddable":true,"href":"https:\/\/www.ifbaiano.edu.br\/unidades\/santaines\/wp-json\/wp\/v2\/users\/86"}],"replies":[{"embeddable":true,"href":"https:\/\/www.ifbaiano.edu.br\/unidades\/santaines\/wp-json\/wp\/v2\/comments?post=14874"}],"version-history":[{"count":9,"href":"https:\/\/www.ifbaiano.edu.br\/unidades\/santaines\/wp-json\/wp\/v2\/posts\/14874\/revisions"}],"predecessor-version":[{"id":14896,"href":"https:\/\/www.ifbaiano.edu.br\/unidades\/santaines\/wp-json\/wp\/v2\/posts\/14874\/revisions\/14896"}],"wp:featuredmedia":[{"embeddable":true,"href":"https:\/\/www.ifbaiano.edu.br\/unidades\/santaines\/wp-json\/wp\/v2\/media\/14739"}],"wp:attachment":[{"href":"https:\/\/www.ifbaiano.edu.br\/unidades\/santaines\/wp-json\/wp\/v2\/media?parent=14874"}],"wp:term":[{"taxonomy":"category","embeddable":true,"href":"https:\/\/www.ifbaiano.edu.br\/unidades\/santaines\/wp-json\/wp\/v2\/categories?post=14874"},{"taxonomy":"post_tag","embeddable":true,"href":"https:\/\/www.ifbaiano.edu.br\/unidades\/santaines\/wp-json\/wp\/v2\/tags?post=14874"}],"curies":[{"name":"wp","href":"https:\/\/api.w.org\/{rel}","templated":true}]}}