{"id":14883,"date":"2021-04-19T11:47:46","date_gmt":"2021-04-19T14:47:46","guid":{"rendered":"https:\/\/www.ifbaiano.edu.br\/unidades\/santaines\/?p=14883"},"modified":"2021-04-19T11:47:56","modified_gmt":"2021-04-19T14:47:56","slug":"if-baiano-lanca-livro-com-orientacoes-para-producao-de-material-didatico-para-ead","status":"publish","type":"post","link":"https:\/\/www.ifbaiano.edu.br\/unidades\/santaines\/if-baiano-lanca-livro-com-orientacoes-para-producao-de-material-didatico-para-ead\/","title":{"rendered":"IF Baiano lan\u00e7a livro com orienta\u00e7\u00f5es para produ\u00e7\u00e3o de material did\u00e1tico para EAD"},"content":{"rendered":"\n<p>Produzir materiais did\u00e1ticos para cursos a dist\u00e2ncia requer habilidades e conhecimentos espec\u00edficos. Para auxiliar os professores do IF Baiano na elabora\u00e7\u00e3o de conte\u00fados para a Educa\u00e7\u00e3o a Dist\u00e2ncia (EAD), Fernanda Sanjuan, Karina Nery, Lorena Grisi, Luciana Castro, Tamilis Cerqueira e Wasley Santos produziram o livro \u201cDiretrizes te\u00f3ricas e pr\u00e1ticas para a produ\u00e7\u00e3o dos materiais did\u00e1ticos escritos da EaD do IF Baiano\u201d. O lan\u00e7amento da obra ocorreu nesta quinta-feira (15) no canal do Youtube da Educa\u00e7\u00e3o a Dist\u00e2ncia do IF Baiano.<\/p>\n\n\n\n<p>Al\u00e9m dos autores, que apresentaram ao p\u00fablico cada cap\u00edtulo do e-book, participaram do lan\u00e7amento o reitor do Instituto, A\u00e9cio Jos\u00e9 Duarte, o pr\u00f3-reitor de Ensino, Ariomar Rodrigues e o diretor de Educa\u00e7\u00e3o a Dist\u00e2ncia, Thonny Hawany. Para o pr\u00f3-reitor Ariomar, a publica\u00e7\u00e3o do livro \u00e9 um marco significativo para a Pr\u00f3-reitoria de Ensino e para o Instituto como um todo, ele ressaltou o car\u00e1ter norteador das diretrizes que contribuem para a constru\u00e7\u00e3o do IF Baiano que a institui\u00e7\u00e3o deseja para o futuro.<\/p>\n\n\n\n<p>O reitor tamb\u00e9m destacou a import\u00e2ncia do livro e do papel dos servidores que comp\u00f5em a Diretoria de Educa\u00e7\u00e3o \u00e0 Dist\u00e2ncia (DEAD) para a institui\u00e7\u00e3o. \u201cEsse trabalho e tudo que tem sido feito pelo grupo diminuto, t\u00e3o resistente e abnegado da EAD para identificar o nosso Instituto como uma institui\u00e7\u00e3o ofertante de Educa\u00e7\u00e3o a Dist\u00e2ncia precisam ser enaltecidos\u201d, afirmou o reitor na abertura do evento.&nbsp;<\/p>\n\n\n\n<div class=\"wp-block-group\"><div class=\"wp-block-group__inner-container is-layout-flow\">\n<div class=\"wp-block-group\"><div class=\"wp-block-group__inner-container is-layout-flow\">\n<figure class=\"wp-block-image size-large\"><a href=\"https:\/\/www.ifbaiano.edu.br\/unidades\/santaines\/files\/2021\/04\/Imagem1.png\"><img decoding=\"async\" loading=\"lazy\" width=\"752\" height=\"428\" src=\"https:\/\/www.ifbaiano.edu.br\/unidades\/santaines\/files\/2021\/04\/Imagem1.png\" alt=\"\" class=\"wp-image-14884\" \/><\/a><\/figure>\n<\/div><\/div>\n<\/div><\/div>\n\n\n\n<p>O e-book apresenta diretrizes e orienta\u00e7\u00f5es te\u00f3ricas e pr\u00e1ticas para que os professores-autores da Educa\u00e7\u00e3o a Dist\u00e2ncia possam produzir seu pr\u00f3prio material did\u00e1tico. Para a docente Karina Nery, uma das autoras do livro, este \u00e9 um momento hist\u00f3rico para EAD, pois essa iniciativa configura como fortalecimento da identidade da EAD do IF Baiano e tamb\u00e9m como fortalecimento da pr\u00f3pria educa\u00e7\u00e3o profissional na Bahia.<\/p>\n\n\n\n<p>As orienta\u00e7\u00f5es abrangem desde a linguagem e estrat\u00e9gias did\u00e1ticas de media\u00e7\u00e3o da aprendizagem, at\u00e9 a normatiza\u00e7\u00e3o e a acessibilidade do material. A obra de car\u00e1ter formativo e informativo \u00e9 composta pelos seguintes cap\u00edtulos: Sobre a Educa\u00e7\u00e3o a Dist\u00e2ncia; Cadeia de Produ\u00e7\u00e3o do Material Did\u00e1tico; Caracter\u00edsticas do Texto de EAD; Normatiza\u00e7\u00e3o; Acessibilidade; e, por fim, Propriedade Intelectual e Direitos Autorais.<\/p>\n\n\n\n<p>Baixe gratuitamente uma vers\u00e3o do e-book\u00a0<a href=\"https:\/\/pergamum.ifbaiano.edu.br\/pergamumweb\/vinculos\/00003c\/00003c0a.pdf\">Diretrizes te\u00f3ricas e pr\u00e1ticas para a produ\u00e7\u00e3o dos materiais did\u00e1ticos escritos da EaD do IF Baiano aqui<\/a>!<\/p>\n\n\n\n<hr class=\"wp-block-separator\" \/>\n\n\n\n<p>Mat\u00e9ria ASCOM dispon\u00edvel em: https:\/\/ifbaiano.edu.br\/portal\/blog\/if-baiano-lanca-e-book-com-orientacoes-para-a-producao-de-material-didatico-para-ead\/<\/p>\n","protected":false},"excerpt":{"rendered":"<p>.<\/p>\n","protected":false},"author":86,"featured_media":14886,"comment_status":"closed","ping_status":"closed","sticky":false,"template":"","format":"standard","meta":[],"categories":[4,5,57],"tags":[],"_links":{"self":[{"href":"https:\/\/www.ifbaiano.edu.br\/unidades\/santaines\/wp-json\/wp\/v2\/posts\/14883"}],"collection":[{"href":"https:\/\/www.ifbaiano.edu.br\/unidades\/santaines\/wp-json\/wp\/v2\/posts"}],"about":[{"href":"https:\/\/www.ifbaiano.edu.br\/unidades\/santaines\/wp-json\/wp\/v2\/types\/post"}],"author":[{"embeddable":true,"href":"https:\/\/www.ifbaiano.edu.br\/unidades\/santaines\/wp-json\/wp\/v2\/users\/86"}],"replies":[{"embeddable":true,"href":"https:\/\/www.ifbaiano.edu.br\/unidades\/santaines\/wp-json\/wp\/v2\/comments?post=14883"}],"version-history":[{"count":2,"href":"https:\/\/www.ifbaiano.edu.br\/unidades\/santaines\/wp-json\/wp\/v2\/posts\/14883\/revisions"}],"predecessor-version":[{"id":14887,"href":"https:\/\/www.ifbaiano.edu.br\/unidades\/santaines\/wp-json\/wp\/v2\/posts\/14883\/revisions\/14887"}],"wp:featuredmedia":[{"embeddable":true,"href":"https:\/\/www.ifbaiano.edu.br\/unidades\/santaines\/wp-json\/wp\/v2\/media\/14886"}],"wp:attachment":[{"href":"https:\/\/www.ifbaiano.edu.br\/unidades\/santaines\/wp-json\/wp\/v2\/media?parent=14883"}],"wp:term":[{"taxonomy":"category","embeddable":true,"href":"https:\/\/www.ifbaiano.edu.br\/unidades\/santaines\/wp-json\/wp\/v2\/categories?post=14883"},{"taxonomy":"post_tag","embeddable":true,"href":"https:\/\/www.ifbaiano.edu.br\/unidades\/santaines\/wp-json\/wp\/v2\/tags?post=14883"}],"curies":[{"name":"wp","href":"https:\/\/api.w.org\/{rel}","templated":true}]}}