{"id":14889,"date":"2021-04-19T11:54:58","date_gmt":"2021-04-19T14:54:58","guid":{"rendered":"https:\/\/www.ifbaiano.edu.br\/unidades\/santaines\/?p=14889"},"modified":"2021-04-19T11:55:08","modified_gmt":"2021-04-19T14:55:08","slug":"comite-institucional-de-iniciacao-cientifica-e-tecnologica-seleciona-membros","status":"publish","type":"post","link":"https:\/\/www.ifbaiano.edu.br\/unidades\/santaines\/comite-institucional-de-iniciacao-cientifica-e-tecnologica-seleciona-membros\/","title":{"rendered":"Comit\u00ea Institucional de Inicia\u00e7\u00e3o Cient\u00edfica e Tecnol\u00f3gica seleciona membros"},"content":{"rendered":"\n<p>O IF Baiano lan\u00e7ou, no dia 8 de abril,\u00a0<a href=\"https:\/\/concurso.ifbaiano.edu.br\/portal\/ciict-abril-2021\/wp-content\/uploads\/sites\/390\/2021\/04\/CHAMADA-P%C3%9ABLICA-INTERNA-N%C2%BA-012021-PROPES.pdf\">Chamada Interna<\/a>\u00a0para sele\u00e7\u00e3o de membros do Comit\u00ea Institucional de Inicia\u00e7\u00e3o Cient\u00edfica e Tecnol\u00f3gica (CIICT) e receber\u00e1 as candidaturas, via Sistema Unificado da Administra\u00e7\u00e3o P\u00fablica (Suap), entre 15 e 22 de abril. O CIICT \u00e9 um \u00f3rg\u00e3o colegiado, de car\u00e1ter normativo, consultivo e deliberativo vinculado \u00e0 Pr\u00f3-reitora de Pesquisa e Inova\u00e7\u00e3o (Propes), respons\u00e1vel pela defini\u00e7\u00e3o das diretrizes gerais, pela\u00a0 operacionaliza\u00e7\u00e3o\u00a0 e\u00a0 pelo\u00a0 gerenciamento\u00a0 do\u00a0 Programa\u00a0 Institucional\u00a0 de\u00a0 Inicia\u00e7\u00e3o\u00a0 Cient\u00edfica\u00a0 e Tecnol\u00f3gica na Pesquisa do IF Baiano (PIICT\/IF Baiano).<\/p>\n\n\n\n<p>O Comit\u00ea \u00e9 composto por duas c\u00e2maras de trabalho. A sele\u00e7\u00e3o ir\u00e1 escolher nove titulares e suplentes para integrar a C\u00e2mara de Inicia\u00e7\u00e3o Cient\u00edfica e cinco&nbsp; titulares e suplentes para integrar a C\u00e2mara de Inicia\u00e7\u00e3o Tecnol\u00f3gica&nbsp; e Inova\u00e7\u00e3o. Cada representante da C\u00e2mara de Inicia\u00e7\u00e3o Cient\u00edfica representar\u00e1 uma \u00e1rea do conhecimento das estabelecidas pelo Conselho Nacional de Desenvolvimento Cient\u00edfico e Tecnol\u00f3gico (CNPq). O servidor dever\u00e1 informar no ato de inscri\u00e7\u00e3o para qual c\u00e2mara deseja candidatar-se prioritariamente.&nbsp;<\/p>\n\n\n\n<p>O encargo n\u00e3o enseja qualquer remunera\u00e7\u00e3o e os trabalhos desenvolvidos s\u00e3o considerados presta\u00e7\u00e3o de relevante servi\u00e7o p\u00fablico. \u00c9 necess\u00e1rio que 50% dos membros do Comit\u00ea tenham o t\u00edtulo de doutorado. Na aus\u00eancia de inscritos em alguma \u00e1rea da chamada interna, os membros ser\u00e3o designados pela Propes.&nbsp;&nbsp;<\/p>\n\n\n\n<p>Para candidatar-se, \u00e9 necess\u00e1rio ser servidor efetivo com relevante experi\u00eancia em Pesquisa, Desenvolvimento e Inova\u00e7\u00e3o e estar com o Curr\u00edculo Lattes atualizado nos \u00faltimos seis meses, al\u00e9m de n\u00e3o estar vinculado a cargo de dire\u00e7\u00e3o e n\u00e3o integrar outros comit\u00eas,colegiados ou \u00f3rg\u00e3os representativos vinculados \u00e0 Propes\/IF Baiano.<\/p>\n\n\n\n<p>Segundo a pr\u00f3-reitora de Pesquisa, Luciana Mazzutti, a pesquisa cient\u00edfica, em suas diversas ramifica\u00e7\u00f5es, liga-se \u00e0 educa\u00e7\u00e3o como um dos pilares para a exist\u00eancia dos Institutos Federais de Educa\u00e7\u00e3o, Ci\u00eancia e Tecnologia no Brasil. Para ela, fazer ci\u00eancia \u00e9 tamb\u00e9m construir um programa educacional que alinhe pesquisa, inova\u00e7\u00e3o, ensino e extens\u00e3o como uma devolutiva \u00e0s demandas sociais. \u201cPor isso, termos um Comit\u00ea Institucional de Inicia\u00e7\u00e3o Cient\u00edfica e Tecnol\u00f3gica na Pesquisa do IF BAIANO \u00e9 t\u00e3o fundamental para construirmos, definirmos e engendrarmos pol\u00edticas de pesquisa e inova\u00e7\u00e3o que, ao mesmo tempo, atendam \u00e0s demandas sociais e impulsionem jovens na busca por uma forma\u00e7\u00e3o cient\u00edfica do alfabetizar ao letrar em pr\u00e1ticas de ci\u00eancia e inova\u00e7\u00e3o\u201d, afirma Luciana.<\/p>\n\n\n\n<p>Confira o edital da sele\u00e7\u00e3o e seus anexos\u00a0<a href=\"https:\/\/concurso.ifbaiano.edu.br\/portal\/ciict-abril-2021\/\">aqui<\/a>.<\/p>\n\n\n\n<hr class=\"wp-block-separator\" \/>\n\n\n\n<p>Mat\u00e9ria ASCOM dispon\u00edvel em: https:\/\/ifbaiano.edu.br\/portal\/blog\/comite-institucional-de-iniciacao-cientifica-e-tecnologica-seleciona-membros\/<\/p>\n","protected":false},"excerpt":{"rendered":"<p>Chamada Interna recebe inscri\u00e7\u00f5es de servidores at\u00e9 22 de abril<\/p>\n","protected":false},"author":86,"featured_media":14890,"comment_status":"closed","ping_status":"closed","sticky":false,"template":"","format":"standard","meta":[],"categories":[4,38,57],"tags":[],"_links":{"self":[{"href":"https:\/\/www.ifbaiano.edu.br\/unidades\/santaines\/wp-json\/wp\/v2\/posts\/14889"}],"collection":[{"href":"https:\/\/www.ifbaiano.edu.br\/unidades\/santaines\/wp-json\/wp\/v2\/posts"}],"about":[{"href":"https:\/\/www.ifbaiano.edu.br\/unidades\/santaines\/wp-json\/wp\/v2\/types\/post"}],"author":[{"embeddable":true,"href":"https:\/\/www.ifbaiano.edu.br\/unidades\/santaines\/wp-json\/wp\/v2\/users\/86"}],"replies":[{"embeddable":true,"href":"https:\/\/www.ifbaiano.edu.br\/unidades\/santaines\/wp-json\/wp\/v2\/comments?post=14889"}],"version-history":[{"count":1,"href":"https:\/\/www.ifbaiano.edu.br\/unidades\/santaines\/wp-json\/wp\/v2\/posts\/14889\/revisions"}],"predecessor-version":[{"id":14891,"href":"https:\/\/www.ifbaiano.edu.br\/unidades\/santaines\/wp-json\/wp\/v2\/posts\/14889\/revisions\/14891"}],"wp:featuredmedia":[{"embeddable":true,"href":"https:\/\/www.ifbaiano.edu.br\/unidades\/santaines\/wp-json\/wp\/v2\/media\/14890"}],"wp:attachment":[{"href":"https:\/\/www.ifbaiano.edu.br\/unidades\/santaines\/wp-json\/wp\/v2\/media?parent=14889"}],"wp:term":[{"taxonomy":"category","embeddable":true,"href":"https:\/\/www.ifbaiano.edu.br\/unidades\/santaines\/wp-json\/wp\/v2\/categories?post=14889"},{"taxonomy":"post_tag","embeddable":true,"href":"https:\/\/www.ifbaiano.edu.br\/unidades\/santaines\/wp-json\/wp\/v2\/tags?post=14889"}],"curies":[{"name":"wp","href":"https:\/\/api.w.org\/{rel}","templated":true}]}}