{"id":14897,"date":"2021-04-20T17:50:17","date_gmt":"2021-04-20T20:50:17","guid":{"rendered":"https:\/\/www.ifbaiano.edu.br\/unidades\/santaines\/?p=14897"},"modified":"2021-04-20T17:50:27","modified_gmt":"2021-04-20T20:50:27","slug":"if-baiano-lanca-primeiro-volume-da-revista-de-extensao-trilhas","status":"publish","type":"post","link":"https:\/\/www.ifbaiano.edu.br\/unidades\/santaines\/if-baiano-lanca-primeiro-volume-da-revista-de-extensao-trilhas\/","title":{"rendered":"IF Baiano lan\u00e7a primeiro volume da Revista de Extens\u00e3o \u2018Trilhas\u2019"},"content":{"rendered":"\n<p>Foi lan\u00e7ada, na \u00faltima quinta-feira, 15 de abril, a Revista Trilhas, peri\u00f3dico de difus\u00e3o cient\u00edfica que re\u00fane artigos e relatos de experi\u00eancia voltados \u00e0 \u00e1rea de Extens\u00e3o Universit\u00e1ria. A organiza\u00e7\u00e3o da revista \u00e9 realizada pela Pr\u00f3-reitoria de Extens\u00e3o do IF Baiano (Proex), por meio da Coordena\u00e7\u00e3o Geral de Difus\u00e3o T\u00e9cnica-Cient\u00edfica e Cultural.&nbsp;<\/p>\n\n\n\n<p>Criada para socializar e democratizar o conhecimento produzido no IF Baiano, a revista recebe trabalhos sobre pr\u00e1ticas e resultados de a\u00e7\u00f5es de extens\u00e3o desenvolvidas por servidores e estudantes da institui\u00e7\u00e3o sobre atividades em educa\u00e7\u00e3o, ci\u00eancia, tecnologia e inova\u00e7\u00e3o. Al\u00e9m disso, visa incentivar reflex\u00f5es a respeito de a\u00e7\u00f5es e pol\u00edticas de extens\u00e3o.&nbsp;<\/p>\n\n\n\n<p>Neste primeiro volume, a revista traz dois artigos e dez relatos de experi\u00eancia sobre a\u00e7\u00f5es e projetos extensionistas realizados no \u00e2mbito do Instituto.&nbsp;<\/p>\n\n\n\n<p><a href=\"https:\/\/periodicos.ifbaiano.edu.br\/index.php\/trilhas\/issue\/view\/2\">Acesse a revista<\/a>&nbsp;<\/p>\n\n\n\n<p><strong>Submiss\u00f5es&nbsp;<\/strong><\/p>\n\n\n\n<p>Com submiss\u00e3o de fluxo cont\u00ednuo e periodicidade irregular, a revista recebe trabalhos at\u00e9 a publica\u00e7\u00e3o de um novo volume. S\u00e3o aceitos artigos e relatos de experi\u00eancias, originais e in\u00e9ditos, das \u00e1reas de Ci\u00eancias Exatas e da Terra, Ci\u00eancias Biol\u00f3gicas, Engenharias, Ci\u00eancias da Sa\u00fade, Ci\u00eancias Agr\u00e1rias, Ci\u00eancias Sociais Aplicadas, Ci\u00eancias Humanas, Lingu\u00edstica, Letras e Artes, e Multidisciplinar.&nbsp;<\/p>\n\n\n\n<p>Orienta\u00e7\u00f5es e normas para submiss\u00e3o podem ser consultadas\u00a0<a href=\"https:\/\/periodicos.ifbaiano.edu.br\/index.php\/trilhas\/about\/submissions\">aqui<\/a>.\u00a0<br><br>Para mais informa\u00e7\u00f5es sobre a Revista Trilhas, entre em contato com a Pr\u00f3-reitoria de Extens\u00e3o do IF Baiano, atrav\u00e9s do e-mail\u00a0<a href=\"mailto:periodicos.proex@ifbaiano.edu.br\">periodicos.proex@ifbaiano.edu.br<\/a><\/p>\n\n\n\n<hr class=\"wp-block-separator\" \/>\n\n\n\n<p>Mat\u00e9ria ASCOM dispon\u00edvel em: https:\/\/ifbaiano.edu.br\/portal\/blog\/if-baiano-lanca-primeiro-volume-da-revista-de-extensao-trilhas\/<\/p>\n","protected":false},"excerpt":{"rendered":"<p>.<\/p>\n","protected":false},"author":86,"featured_media":14898,"comment_status":"closed","ping_status":"closed","sticky":false,"template":"","format":"standard","meta":[],"categories":[4,5,57],"tags":[],"_links":{"self":[{"href":"https:\/\/www.ifbaiano.edu.br\/unidades\/santaines\/wp-json\/wp\/v2\/posts\/14897"}],"collection":[{"href":"https:\/\/www.ifbaiano.edu.br\/unidades\/santaines\/wp-json\/wp\/v2\/posts"}],"about":[{"href":"https:\/\/www.ifbaiano.edu.br\/unidades\/santaines\/wp-json\/wp\/v2\/types\/post"}],"author":[{"embeddable":true,"href":"https:\/\/www.ifbaiano.edu.br\/unidades\/santaines\/wp-json\/wp\/v2\/users\/86"}],"replies":[{"embeddable":true,"href":"https:\/\/www.ifbaiano.edu.br\/unidades\/santaines\/wp-json\/wp\/v2\/comments?post=14897"}],"version-history":[{"count":1,"href":"https:\/\/www.ifbaiano.edu.br\/unidades\/santaines\/wp-json\/wp\/v2\/posts\/14897\/revisions"}],"predecessor-version":[{"id":14899,"href":"https:\/\/www.ifbaiano.edu.br\/unidades\/santaines\/wp-json\/wp\/v2\/posts\/14897\/revisions\/14899"}],"wp:featuredmedia":[{"embeddable":true,"href":"https:\/\/www.ifbaiano.edu.br\/unidades\/santaines\/wp-json\/wp\/v2\/media\/14898"}],"wp:attachment":[{"href":"https:\/\/www.ifbaiano.edu.br\/unidades\/santaines\/wp-json\/wp\/v2\/media?parent=14897"}],"wp:term":[{"taxonomy":"category","embeddable":true,"href":"https:\/\/www.ifbaiano.edu.br\/unidades\/santaines\/wp-json\/wp\/v2\/categories?post=14897"},{"taxonomy":"post_tag","embeddable":true,"href":"https:\/\/www.ifbaiano.edu.br\/unidades\/santaines\/wp-json\/wp\/v2\/tags?post=14897"}],"curies":[{"name":"wp","href":"https:\/\/api.w.org\/{rel}","templated":true}]}}