{"id":1490,"date":"2012-03-26T09:03:40","date_gmt":"2012-03-26T12:03:40","guid":{"rendered":"http:\/\/www.ifbaiano.edu.br\/unidades\/santaines\/?p=1490"},"modified":"2012-03-26T09:03:40","modified_gmt":"2012-03-26T12:03:40","slug":"divulgada-lista-de-classificados-para-vagas-remanescentes-pronatec-2","status":"publish","type":"post","link":"https:\/\/www.ifbaiano.edu.br\/unidades\/santaines\/divulgada-lista-de-classificados-para-vagas-remanescentes-pronatec-2\/","title":{"rendered":"Divulgada lista de classificados para vagas remanescentes Pronatec"},"content":{"rendered":"<p>Os servidores que concorreram no Edital 002\/2012 para vagas remanescentes do Pronatec, para comporem a equipe t\u00e9cnica administrativa, j\u00e1 podem conferir o resultado. Para acess\u00e1-la, <a href=\"http:\/\/www.ifbaiano.edu.br\/unidades\/santaines\/files\/2012\/03\/Proex_Lista-de-Classificados-Chamada2.pdf\" target=\"_blank\">clique aqui<\/a><\/p>\n","protected":false},"excerpt":{"rendered":"<p>Os servidores que concorreram no Edital 002\/2012 para vagas remanescentes do Pronatec, para comporem a equipe t\u00e9cnica administrativa, j\u00e1 podem conferir o resultado. Para acess\u00e1-la, clique aqui<\/p>\n","protected":false},"author":26,"featured_media":0,"comment_status":"closed","ping_status":"closed","sticky":false,"template":"","format":"standard","meta":[],"categories":[10],"tags":[],"_links":{"self":[{"href":"https:\/\/www.ifbaiano.edu.br\/unidades\/santaines\/wp-json\/wp\/v2\/posts\/1490"}],"collection":[{"href":"https:\/\/www.ifbaiano.edu.br\/unidades\/santaines\/wp-json\/wp\/v2\/posts"}],"about":[{"href":"https:\/\/www.ifbaiano.edu.br\/unidades\/santaines\/wp-json\/wp\/v2\/types\/post"}],"author":[{"embeddable":true,"href":"https:\/\/www.ifbaiano.edu.br\/unidades\/santaines\/wp-json\/wp\/v2\/users\/26"}],"replies":[{"embeddable":true,"href":"https:\/\/www.ifbaiano.edu.br\/unidades\/santaines\/wp-json\/wp\/v2\/comments?post=1490"}],"version-history":[{"count":2,"href":"https:\/\/www.ifbaiano.edu.br\/unidades\/santaines\/wp-json\/wp\/v2\/posts\/1490\/revisions"}],"predecessor-version":[{"id":1493,"href":"https:\/\/www.ifbaiano.edu.br\/unidades\/santaines\/wp-json\/wp\/v2\/posts\/1490\/revisions\/1493"}],"wp:attachment":[{"href":"https:\/\/www.ifbaiano.edu.br\/unidades\/santaines\/wp-json\/wp\/v2\/media?parent=1490"}],"wp:term":[{"taxonomy":"category","embeddable":true,"href":"https:\/\/www.ifbaiano.edu.br\/unidades\/santaines\/wp-json\/wp\/v2\/categories?post=1490"},{"taxonomy":"post_tag","embeddable":true,"href":"https:\/\/www.ifbaiano.edu.br\/unidades\/santaines\/wp-json\/wp\/v2\/tags?post=1490"}],"curies":[{"name":"wp","href":"https:\/\/api.w.org\/{rel}","templated":true}]}}