{"id":14901,"date":"2021-04-20T17:54:54","date_gmt":"2021-04-20T20:54:54","guid":{"rendered":"https:\/\/www.ifbaiano.edu.br\/unidades\/santaines\/?p=14901"},"modified":"2021-04-20T17:55:05","modified_gmt":"2021-04-20T20:55:05","slug":"saiba-como-solicitar-declaracao-de-conclusao-do-ensino-medio-para-matricula-do-sisu","status":"publish","type":"post","link":"https:\/\/www.ifbaiano.edu.br\/unidades\/santaines\/saiba-como-solicitar-declaracao-de-conclusao-do-ensino-medio-para-matricula-do-sisu\/","title":{"rendered":"Saiba como solicitar declara\u00e7\u00e3o de conclus\u00e3o do ensino m\u00e9dio para matr\u00edcula do SiSU"},"content":{"rendered":"\n<p>Est\u00e1 aberto, at\u00e9 esta sexta-feira, 23, o per\u00edodo de matr\u00edculas para os aprovados em cursos de gradua\u00e7\u00e3o via Sistema de Sele\u00e7\u00e3o Unificada (SiSU). Dentre a documenta\u00e7\u00e3o exigida pelas institui\u00e7\u00f5es de ensino para efetiva\u00e7\u00e3o da matr\u00edcula, est\u00e1 o certificado de conclus\u00e3o de Ensino M\u00e9dio.<\/p>\n\n\n\n<p>Para os estudantes das 3\u00aa s\u00e9ries do Ensino M\u00e9dio do IF Baiano, que foram aprovados nos cursos superiores atrav\u00e9s do SISU\/ENEM 2021, em cursos do IF Baiano ou de outras institui\u00e7\u00f5es, e que, portanto, ainda n\u00e3o possuem o certificado de conclus\u00e3o, \u00e9 poss\u00edvel requerer a emiss\u00e3o de&nbsp;<strong>declara\u00e7\u00e3o de conclus\u00e3o do Ensino M\u00e9dio<\/strong>, em car\u00e1ter excepcional, em fun\u00e7\u00e3o da pandemia da COVID-19, para realiza\u00e7\u00e3o da matr\u00edcula.<\/p>\n\n\n\n<p>Para fazer a solicita\u00e7\u00e3o, os estudantes dever\u00e3o seguir os procedimentos e orienta\u00e7\u00f5es presentes na&nbsp;<a href=\"https:\/\/ifbaiano.edu.br\/portal\/wp-content\/uploads\/2021\/04\/Portaria-Normativa-1-2021-RET-GAB-RET-IFBAIANO_CONSOLIDADA.pdf\">Portaria Normativa 1\/2021<\/a>, de 15 de abril de 2021, atualizada pela&nbsp;<a href=\"https:\/\/ifbaiano.edu.br\/portal\/wp-content\/uploads\/2021\/04\/Portaria-Normativa-2-2021.pdf\">Portaria Normativa 2\/2021<\/a>. A solicita\u00e7\u00e3o pode ser feita pelo estudante ou seu representante legal, junto \u00e0 Secretaria de Registros Acad\u00eamicos dos&nbsp;<em>campi<\/em>, por e-mail, com o envio deste&nbsp;<a rel=\"noreferrer noopener\" target=\"_blank\" href=\"https:\/\/ifbaiano.edu.br\/portal\/ensino\/wp-content\/uploads\/sites\/2\/2021\/04\/Requerimento-declaracao-conclusao-ensino-medio-REVISADA.doc\">Requerimento<\/a>&nbsp;preenchido. Al\u00e9m disso, \u00e9 necess\u00e1rio enviar as c\u00f3pias dos seguintes documentos:<\/p>\n\n\n\n<ul><li>Boletim de desempenho do estudante no ENEM;<\/li><li>Documento de Identifica\u00e7\u00e3o com foto;<\/li><li>Cadastro de Pessoas F\u00edsicas \u2013 CPF;<\/li><li>Certid\u00e3o de Nascimento ou Casamento;<\/li><li>Comprovante de quita\u00e7\u00e3o com a Justi\u00e7a Eleitoral, obrigat\u00f3rio para os maiores de 18 (dezoito) anos;<\/li><li>Termo Nada Consta dos setores acad\u00eamicos (SRA, Biblioteca e CAE);<\/li><li>Comprovante de quita\u00e7\u00e3o ou regularidade com o Servi\u00e7o Militar, obrigat\u00f3rio para os interessados do sexo masculino e maior de dezoito anos;<\/li><li>Documento comprobat\u00f3rio de aprova\u00e7\u00e3o em Sistema de Sele\u00e7\u00e3o Unificada (SISU) ou Programa Universidade para Todos (PROUNI) para ingresso no Ensino Superior;<\/li><li>Documento comprobat\u00f3rio de que \u00e9 o respons\u00e1vel legalmente constitu\u00eddo pelo discente, obrigat\u00f3rio para os casos em que o representante do aluno menor n\u00e3o seja o pai ou m\u00e3e.<\/li><\/ul>\n\n\n\n<h3 class=\"wp-block-heading\">Veja tamb\u00e9m:<\/h3>\n\n\n\n<ul><li><a href=\"https:\/\/ifbaiano.edu.br\/portal\/blog\/sisu-2021-prazo-para-matricula-comeca-hoje-19-e-vai-ate-23-de-abril\/\">Sisu 2021: prazo para matr\u00edcula come\u00e7a hoje, 19, e vai\u2026<\/a><\/li><\/ul>\n\n\n\n<hr class=\"wp-block-separator\" \/>\n\n\n\n<p>Mat\u00e9ria ASCOM dispon\u00edvel em: https:\/\/ifbaiano.edu.br\/portal\/blog\/saiba-como-solicitar-declaracao-de-conclusao-do-ensino-medio-para-matricula-do-sisu\/<\/p>\n","protected":false},"excerpt":{"rendered":"<p>Estudantes do IF Baiano podem requerer o documento, em car\u00e1ter excepcional, para realiza\u00e7\u00e3o de matr\u00edcula do SiSU.<\/p>\n","protected":false},"author":86,"featured_media":14902,"comment_status":"closed","ping_status":"closed","sticky":false,"template":"","format":"standard","meta":[],"categories":[4,5,57],"tags":[],"_links":{"self":[{"href":"https:\/\/www.ifbaiano.edu.br\/unidades\/santaines\/wp-json\/wp\/v2\/posts\/14901"}],"collection":[{"href":"https:\/\/www.ifbaiano.edu.br\/unidades\/santaines\/wp-json\/wp\/v2\/posts"}],"about":[{"href":"https:\/\/www.ifbaiano.edu.br\/unidades\/santaines\/wp-json\/wp\/v2\/types\/post"}],"author":[{"embeddable":true,"href":"https:\/\/www.ifbaiano.edu.br\/unidades\/santaines\/wp-json\/wp\/v2\/users\/86"}],"replies":[{"embeddable":true,"href":"https:\/\/www.ifbaiano.edu.br\/unidades\/santaines\/wp-json\/wp\/v2\/comments?post=14901"}],"version-history":[{"count":1,"href":"https:\/\/www.ifbaiano.edu.br\/unidades\/santaines\/wp-json\/wp\/v2\/posts\/14901\/revisions"}],"predecessor-version":[{"id":14903,"href":"https:\/\/www.ifbaiano.edu.br\/unidades\/santaines\/wp-json\/wp\/v2\/posts\/14901\/revisions\/14903"}],"wp:featuredmedia":[{"embeddable":true,"href":"https:\/\/www.ifbaiano.edu.br\/unidades\/santaines\/wp-json\/wp\/v2\/media\/14902"}],"wp:attachment":[{"href":"https:\/\/www.ifbaiano.edu.br\/unidades\/santaines\/wp-json\/wp\/v2\/media?parent=14901"}],"wp:term":[{"taxonomy":"category","embeddable":true,"href":"https:\/\/www.ifbaiano.edu.br\/unidades\/santaines\/wp-json\/wp\/v2\/categories?post=14901"},{"taxonomy":"post_tag","embeddable":true,"href":"https:\/\/www.ifbaiano.edu.br\/unidades\/santaines\/wp-json\/wp\/v2\/tags?post=14901"}],"curies":[{"name":"wp","href":"https:\/\/api.w.org\/{rel}","templated":true}]}}