{"id":14924,"date":"2021-04-26T19:40:16","date_gmt":"2021-04-26T22:40:16","guid":{"rendered":"https:\/\/www.ifbaiano.edu.br\/unidades\/santaines\/?p=14924"},"modified":"2021-04-26T19:58:42","modified_gmt":"2021-04-26T22:58:42","slug":"nota-informativa-sobre-auxilios-de-inclusao-digital","status":"publish","type":"post","link":"https:\/\/www.ifbaiano.edu.br\/unidades\/santaines\/nota-informativa-sobre-auxilios-de-inclusao-digital\/","title":{"rendered":"Aux\u00edlios de Inclus\u00e3o Digital: Estudantes contemplados devem realizar a presta\u00e7\u00e3o de contas"},"content":{"rendered":"\n<p>A Coordena\u00e7\u00e3o de Assuntos Estudantis-CAE, do Campus Santa In\u00eas, refor\u00e7a aos estudantes beneficiados com o Aux\u00edlio Aquisi\u00e7\u00e3o de Equipamento, nos Editais de Inclus\u00e3o Digital 2020 (<a href=\"https:\/\/www.ifbaiano.edu.br\/unidades\/santaines\/files\/2020\/11\/Edital-Auxilios-Digitais.pdf\">Edital n\u00ba 01\/2020<\/a> e <a href=\"https:\/\/www.ifbaiano.edu.br\/unidades\/santaines\/files\/2020\/11\/Edital-03-Auxilios-Inclusao-Digital_Vagas-Remanescentes.pdf\">Edital n\u00ba 03\/2020<\/a> &#8211; Vagas Remanescentes) que o procedimento de presta\u00e7\u00e3o de contas \u00e9 obrigat\u00f3rio, conforme disposto nos editais, sendo o prazo de at\u00e9 trinta dias, contados a partir do recebimento do aux\u00edlio.<\/p>\n\n\n\n<p>Assim, aqueles que ainda n\u00e3o prestaram contas do Aux\u00edlio Equipamento (conforme lista disponibilizada), de acordo com o coordenador, t\u00eam at\u00e9 o dia 07 de maio de 2021, impreterivelmente, para enviar os comprovantes de compra ou de servi\u00e7os (Notas Fiscais ou Nota de Servi\u00e7o) para o e-mail da CLAE: clae@si.ifbaiano.edu.br. Os estudantes beneficiados com os aux\u00edlios Dados M\u00f3veis e Banda Larga, dever\u00e3o comprovar o uso do recurso, atrav\u00e9s da frequ\u00eancia regular \u00e0s APNP&#8217;S. A n\u00e3o comprova\u00e7\u00e3o da frequ\u00eancia \u00e0s APNP&#8217;S, poder\u00e1 acarretar na devolu\u00e7\u00e3o do recurso recebido.<\/p>\n\n\n\n<p>A CAE ressalta tamb\u00e9m que os estudantes com pend\u00eancias na presta\u00e7\u00e3o de contas (Aux\u00edlio Equipamento) n\u00e3o estar\u00e3o aptos a participar de novos editais da Assist\u00eancia Estudantil at\u00e9 que estejam quites com suas obriga\u00e7\u00f5es previstas nos editais a que se submeteram.<\/p>\n\n\n\n<p><a href=\"https:\/\/www.ifbaiano.edu.br\/unidades\/santaines\/files\/2021\/04\/Nota-InFormativa-Auxilio-de-Inclusao-Digital_CAE.pdf\">Clique AQUI para ter acesso a Nota Informativa em PDF<\/a>.<\/p>\n\n\n\n<p>Abaixo est\u00e3o disponibilizadas as listas dos estudantes que dever\u00e3o encaminhar as devidas presta\u00e7\u00f5es de contas:<\/p>\n\n\n\n<p><a href=\"https:\/\/www.ifbaiano.edu.br\/unidades\/santaines\/files\/2021\/04\/Lista-de-Estudantes_Auxilio-Digital_Prestacao-de-Contas_Edital-1.pdf\">Lista de Estudantes contemplados pelo Edital n\u00ba 01\/2020<\/a><\/p>\n\n\n\n<p><a href=\"https:\/\/www.ifbaiano.edu.br\/unidades\/santaines\/files\/2021\/04\/Lista-de-Estudantes-Prestacao-de-Contas_Edital-3.pdf\">Lista de Estudantes contemplados pelo Edital n\u00ba 03\/2020<\/a><\/p>\n\n\n\n<p>D\u00favidas, entrar em contato com a CLAE, atrav\u00e9s do e-mail: clae@si.ifbaiano.edu.br.<\/p>\n\n\n\n<hr class=\"wp-block-separator\" \/>\n\n\n\n<p><\/p>\n","protected":false},"excerpt":{"rendered":"<p>Estudantes contemplados com o Aux\u00edlio Aquisi\u00e7\u00e3o e Manuten\u00e7\u00e3o de Equipamento devem realizar presta\u00e7\u00e3o de contas.<\/p>\n","protected":false},"author":86,"featured_media":14426,"comment_status":"closed","ping_status":"closed","sticky":false,"template":"","format":"standard","meta":[],"categories":[5,57],"tags":[],"_links":{"self":[{"href":"https:\/\/www.ifbaiano.edu.br\/unidades\/santaines\/wp-json\/wp\/v2\/posts\/14924"}],"collection":[{"href":"https:\/\/www.ifbaiano.edu.br\/unidades\/santaines\/wp-json\/wp\/v2\/posts"}],"about":[{"href":"https:\/\/www.ifbaiano.edu.br\/unidades\/santaines\/wp-json\/wp\/v2\/types\/post"}],"author":[{"embeddable":true,"href":"https:\/\/www.ifbaiano.edu.br\/unidades\/santaines\/wp-json\/wp\/v2\/users\/86"}],"replies":[{"embeddable":true,"href":"https:\/\/www.ifbaiano.edu.br\/unidades\/santaines\/wp-json\/wp\/v2\/comments?post=14924"}],"version-history":[{"count":6,"href":"https:\/\/www.ifbaiano.edu.br\/unidades\/santaines\/wp-json\/wp\/v2\/posts\/14924\/revisions"}],"predecessor-version":[{"id":14935,"href":"https:\/\/www.ifbaiano.edu.br\/unidades\/santaines\/wp-json\/wp\/v2\/posts\/14924\/revisions\/14935"}],"wp:featuredmedia":[{"embeddable":true,"href":"https:\/\/www.ifbaiano.edu.br\/unidades\/santaines\/wp-json\/wp\/v2\/media\/14426"}],"wp:attachment":[{"href":"https:\/\/www.ifbaiano.edu.br\/unidades\/santaines\/wp-json\/wp\/v2\/media?parent=14924"}],"wp:term":[{"taxonomy":"category","embeddable":true,"href":"https:\/\/www.ifbaiano.edu.br\/unidades\/santaines\/wp-json\/wp\/v2\/categories?post=14924"},{"taxonomy":"post_tag","embeddable":true,"href":"https:\/\/www.ifbaiano.edu.br\/unidades\/santaines\/wp-json\/wp\/v2\/tags?post=14924"}],"curies":[{"name":"wp","href":"https:\/\/api.w.org\/{rel}","templated":true}]}}