{"id":14942,"date":"2021-04-27T15:03:06","date_gmt":"2021-04-27T18:03:06","guid":{"rendered":"https:\/\/www.ifbaiano.edu.br\/unidades\/santaines\/?p=14942"},"modified":"2021-04-28T09:31:26","modified_gmt":"2021-04-28T12:31:26","slug":"especializacao-em-desenvolvimento-regional-e-meio-ambiente-abre-selecao-para-a-primeira-turma","status":"publish","type":"post","link":"https:\/\/www.ifbaiano.edu.br\/unidades\/santaines\/especializacao-em-desenvolvimento-regional-e-meio-ambiente-abre-selecao-para-a-primeira-turma\/","title":{"rendered":"Especializa\u00e7\u00e3o em Desenvolvimento Regional e Meio Ambiente abre sele\u00e7\u00e3o para a primeira turma"},"content":{"rendered":"\n<p>A p\u00f3s-gradua\u00e7\u00e3o&nbsp;<em>Lato sensu<\/em>&nbsp;em Desenvolvimento Regional e Meio Ambiente do IF Baiano \u2013&nbsp;<em>Campus<\/em>&nbsp;Santa In\u00eas est\u00e1 com&nbsp;<a href=\"https:\/\/concurso.ifbaiano.edu.br\/portal\/pos-drma-santa-ines-abril-2021\/wp-content\/uploads\/sites\/394\/2021\/04\/Edital-n%C2%BA-33.pdf\">edital<\/a> publicado e as inscri\u00e7\u00f5es acontecem no per\u00edodo de 07 a 13 de maio de 2021 para a sele\u00e7\u00e3o da primeira turma. S\u00e3o ofertadas 20 vagas, sendo quatro delas para candidatos negros (pretos ou pardos) e ind\u00edgenas, uma vaga para candidato pessoa com defici\u00eancia e as demais para ampla concorr\u00eancia. O curso destina-se a pesquisadores, extensionistas, educadores, t\u00e9cnicos, gestores e l\u00edderes de movimentos sociais, nas mais diversas \u00e1reas do conhecimento, desde que sejam portadores de diploma de n\u00edvel superior devidamente reconhecido pelo Minist\u00e9rio da Educa\u00e7\u00e3o.<\/p>\n\n\n\n<p>A inscri\u00e7\u00e3o \u00e9 gratuita e deve ser realizada, exclusivamente, por e-mail. O candidato interessado em realizar inscri\u00e7\u00e3o dever\u00e1 digitalizar os documentos listados em edital e enviar em arquivo \u00fanico no formato PDF, limitado at\u00e9 14 MB, para o e-mail prosel.drma@ifbaiano.edu.br. Apenas ser\u00e3o homologadas as inscri\u00e7\u00f5es acompanhadas dos documentos (leg\u00edveis) exigidos no edital. Esta etapa do processo \u00e9 ELIMINAT\u00d3RIA. <\/p>\n\n\n\n<p>O processo de sele\u00e7\u00e3o se dar\u00e1 mediante an\u00e1lise de curr\u00edculo. Etapa CLASSIFICAT\u00d3RIA.  A comiss\u00e3o respons\u00e1vel pelo processo seletivo de ingresso para o curso de P\u00f3s-gradua\u00e7\u00e3o Lato-Sensu analisar\u00e1 os documentos comprobat\u00f3rios dos itens que ser\u00e3o pontuados no barema constante no edital.<\/p>\n\n\n\n<p><strong>Sobre a especializa\u00e7\u00e3o<\/strong><\/p>\n\n\n\n<p>O Curso tem como objetivo central proporcionar a forma\u00e7\u00e3o continuada de profissionais de \u00e1reas afins a tem\u00e1tica desenvolvimento regional e meio ambiente, visando o aprofundamento te\u00f3rico-metodol\u00f3gico nas \u00e1reas educacional, da pesquisa cient\u00edfica e pr\u00e1tica profissional, de acordo com as especifica\u00e7\u00f5es da P\u00f3s-gradua\u00e7\u00e3o Lato Sensu.<\/p>\n\n\n\n<p>A especializa\u00e7\u00e3o possui o tempo m\u00e1ximo de integraliza\u00e7\u00e3o de 24 meses, com carga hor\u00e1ria total de 370 horas. As aulas se dar\u00e3o em encontros quinzenais, \u00e0s sextas-feiras, turno nortuno, e aos s\u00e1bados, turnos matutino e vespertino. As datas dos encontros presenciais poder\u00e3o sofrer modifica\u00e7\u00f5es, de acordo com as necessidades institucionais no \u00e2mbito do IF Baiano, respeitando o cumprimento da carga hor\u00e1ria prevista para o curso. Vinte por cento da carga hor\u00e1ria total do curso (74 horas) ser\u00e1 ofertada na modalidade semipresencial.<\/p>\n\n\n\n<p>Conhe\u00e7a a <a href=\"https:\/\/ifbaiano.edu.br\/portal\/pos-desenvolvimento-regional-santa-ines\/\">p\u00e1gina do curso<\/a> e confira as informa\u00e7\u00f5es detalhadas. Acesse tamb\u00e9m os formul\u00e1rios, barema e cronograma da&nbsp;<a href=\"https:\/\/concurso.ifbaiano.edu.br\/portal\/pos-drma-santa-ines-abril-2021\/\">p\u00e1gina do certame<\/a>.<\/p>\n\n\n\n<hr class=\"wp-block-separator\" \/>\n","protected":false},"excerpt":{"rendered":"<p>Per\u00edodo de Inscri\u00e7\u00f5es: de 07 a 13 de maio<\/p>\n","protected":false},"author":86,"featured_media":14953,"comment_status":"closed","ping_status":"closed","sticky":false,"template":"","format":"standard","meta":[],"categories":[4,5,8,57],"tags":[],"_links":{"self":[{"href":"https:\/\/www.ifbaiano.edu.br\/unidades\/santaines\/wp-json\/wp\/v2\/posts\/14942"}],"collection":[{"href":"https:\/\/www.ifbaiano.edu.br\/unidades\/santaines\/wp-json\/wp\/v2\/posts"}],"about":[{"href":"https:\/\/www.ifbaiano.edu.br\/unidades\/santaines\/wp-json\/wp\/v2\/types\/post"}],"author":[{"embeddable":true,"href":"https:\/\/www.ifbaiano.edu.br\/unidades\/santaines\/wp-json\/wp\/v2\/users\/86"}],"replies":[{"embeddable":true,"href":"https:\/\/www.ifbaiano.edu.br\/unidades\/santaines\/wp-json\/wp\/v2\/comments?post=14942"}],"version-history":[{"count":3,"href":"https:\/\/www.ifbaiano.edu.br\/unidades\/santaines\/wp-json\/wp\/v2\/posts\/14942\/revisions"}],"predecessor-version":[{"id":14954,"href":"https:\/\/www.ifbaiano.edu.br\/unidades\/santaines\/wp-json\/wp\/v2\/posts\/14942\/revisions\/14954"}],"wp:featuredmedia":[{"embeddable":true,"href":"https:\/\/www.ifbaiano.edu.br\/unidades\/santaines\/wp-json\/wp\/v2\/media\/14953"}],"wp:attachment":[{"href":"https:\/\/www.ifbaiano.edu.br\/unidades\/santaines\/wp-json\/wp\/v2\/media?parent=14942"}],"wp:term":[{"taxonomy":"category","embeddable":true,"href":"https:\/\/www.ifbaiano.edu.br\/unidades\/santaines\/wp-json\/wp\/v2\/categories?post=14942"},{"taxonomy":"post_tag","embeddable":true,"href":"https:\/\/www.ifbaiano.edu.br\/unidades\/santaines\/wp-json\/wp\/v2\/tags?post=14942"}],"curies":[{"name":"wp","href":"https:\/\/api.w.org\/{rel}","templated":true}]}}