{"id":1496,"date":"2012-03-26T09:19:15","date_gmt":"2012-03-26T12:19:15","guid":{"rendered":"http:\/\/www.ifbaiano.edu.br\/unidades\/santaines\/?p=1496"},"modified":"2012-03-26T09:21:00","modified_gmt":"2012-03-26T12:21:00","slug":"atencao-alunos-concluintes-do-curso-tecnico-em-informatica-modalidade-subsequente-2","status":"publish","type":"post","link":"https:\/\/www.ifbaiano.edu.br\/unidades\/santaines\/atencao-alunos-concluintes-do-curso-tecnico-em-informatica-modalidade-subsequente-2\/","title":{"rendered":"Aten\u00e7\u00e3o alunos concluintes do curso t\u00e9cnico em inform\u00e1tica &#8211; Modalidade Subsequente"},"content":{"rendered":"<p>Publicadora: Cl\u00e1udia Bocchese<\/p>\n<p>Informamos que os procedimentos para valida\u00e7\u00e3o das atividades profissionais para cumprimento do Est\u00e1gio Obrigat\u00f3rio, segundo o que rege o Art. 12 do REGULAMENTO PROVIS\u00d3RIO DE EST\u00c1GIO DOS CURSOS DE EDUCA\u00c7\u00c3O PROFISSIONAL T\u00c9CNICA DE N\u00cdVEL M\u00c9DIO DO IF BAIANO.<\/p>\n<p>Art. 12\u00ba &#8211; O estudante que exercer atividade profissional correlata ao seu curso na condi\u00e7\u00e3o de empregado devidamente registrado, aut\u00f4nomo ou empres\u00e1rio, ou ainda atuando oficialmente em programas de incentivo \u00e0 pesquisa cient\u00edfica e ao desenvolvimento tecnol\u00f3gico, poder\u00e1 valer-se de tais atividades para efeitos de realiza\u00e7\u00e3o do seu Est\u00e1gio Obrigat\u00f3rio, desde que atendam o Projeto Pedag\u00f3gico do Curso.<\/p>\n<p>Para valida\u00e7\u00e3o, o estudante dever\u00e1 atender \u00e0s exig\u00eancias, seguindo o fluxograma em anexo.<\/p>\n<p><a href=\"http:\/\/www.ifbaiano.edu.br\/unidades\/santaines\/files\/2012\/03\/FLUXOGRAMA.pdf\" target=\"_blank\">Fluxograma<\/a><br \/>\n<a href=\"http:\/\/www.ifbaiano.edu.br\/unidades\/santaines\/files\/2012\/03\/requerimento-solicitando-aproveitamento-A.pdf\">Requerimento<\/a><br \/>\n<a href=\"http:\/\/www.ifbaiano.edu.br\/unidades\/santaines\/files\/2012\/03\/documentos-estagio.pdf\">Documentos<\/a><\/p>\n","protected":false},"excerpt":{"rendered":"<p>Publicadora: Cl\u00e1udia Bocchese Informamos que os procedimentos para valida\u00e7\u00e3o das atividades profissionais para cumprimento do Est\u00e1gio Obrigat\u00f3rio, segundo o que rege o Art. 12 do REGULAMENTO PROVIS\u00d3RIO DE EST\u00c1GIO DOS CURSOS DE EDUCA\u00c7\u00c3O PROFISSIONAL T\u00c9CNICA DE N\u00cdVEL M\u00c9DIO DO IF BAIANO. Art. 12\u00ba &#8211; O estudante que exercer atividade profissional correlata ao seu curso na [&hellip;]<\/p>\n","protected":false},"author":26,"featured_media":0,"comment_status":"closed","ping_status":"closed","sticky":false,"template":"","format":"standard","meta":[],"categories":[10],"tags":[],"_links":{"self":[{"href":"https:\/\/www.ifbaiano.edu.br\/unidades\/santaines\/wp-json\/wp\/v2\/posts\/1496"}],"collection":[{"href":"https:\/\/www.ifbaiano.edu.br\/unidades\/santaines\/wp-json\/wp\/v2\/posts"}],"about":[{"href":"https:\/\/www.ifbaiano.edu.br\/unidades\/santaines\/wp-json\/wp\/v2\/types\/post"}],"author":[{"embeddable":true,"href":"https:\/\/www.ifbaiano.edu.br\/unidades\/santaines\/wp-json\/wp\/v2\/users\/26"}],"replies":[{"embeddable":true,"href":"https:\/\/www.ifbaiano.edu.br\/unidades\/santaines\/wp-json\/wp\/v2\/comments?post=1496"}],"version-history":[{"count":3,"href":"https:\/\/www.ifbaiano.edu.br\/unidades\/santaines\/wp-json\/wp\/v2\/posts\/1496\/revisions"}],"predecessor-version":[{"id":1498,"href":"https:\/\/www.ifbaiano.edu.br\/unidades\/santaines\/wp-json\/wp\/v2\/posts\/1496\/revisions\/1498"}],"wp:attachment":[{"href":"https:\/\/www.ifbaiano.edu.br\/unidades\/santaines\/wp-json\/wp\/v2\/media?parent=1496"}],"wp:term":[{"taxonomy":"category","embeddable":true,"href":"https:\/\/www.ifbaiano.edu.br\/unidades\/santaines\/wp-json\/wp\/v2\/categories?post=1496"},{"taxonomy":"post_tag","embeddable":true,"href":"https:\/\/www.ifbaiano.edu.br\/unidades\/santaines\/wp-json\/wp\/v2\/tags?post=1496"}],"curies":[{"name":"wp","href":"https:\/\/api.w.org\/{rel}","templated":true}]}}