{"id":14962,"date":"2021-04-29T10:53:58","date_gmt":"2021-04-29T13:53:58","guid":{"rendered":"https:\/\/www.ifbaiano.edu.br\/unidades\/santaines\/?p=14962"},"modified":"2021-04-29T10:54:08","modified_gmt":"2021-04-29T13:54:08","slug":"kits-de-alimentacao-sao-distribuidos-a-estudantes-do-campus-santa-ines","status":"publish","type":"post","link":"https:\/\/www.ifbaiano.edu.br\/unidades\/santaines\/kits-de-alimentacao-sao-distribuidos-a-estudantes-do-campus-santa-ines\/","title":{"rendered":"Kits de alimenta\u00e7\u00e3o s\u00e3o distribu\u00eddos a estudantes do Campus Santa In\u00eas"},"content":{"rendered":"\n<p>O Campus Santa In\u00eas est\u00e1 realizando a distribui\u00e7\u00e3o de 3.300 kg de alimentos para estudantes do Ensino M\u00e9dio dos cursos Integrados e Subsequente, atrav\u00e9s do Programa Nacional de Alimenta\u00e7\u00e3o Escolar (PNAE). <\/p>\n\n\n\n<p>O PNAE tem por objetivo contribuir para o crescimento e o desenvolvimento biopsicossocial, a aprendizagem, o rendimento escolar e a forma\u00e7\u00e3o de h\u00e1bitos alimentares saud\u00e1veis dos alunos, por meio de a\u00e7\u00f5es de educa\u00e7\u00e3o alimentar e nutricional e da oferta de refei\u00e7\u00f5es que cubram as suas necessidades nutricionais durante o per\u00edodo letivo.\u00a0<\/p>\n\n\n\n<figure class=\"wp-block-gallery aligncenter columns-1 is-cropped wp-block-gallery-1 is-layout-flex\"><ul class=\"blocks-gallery-grid\"><li class=\"blocks-gallery-item\"><figure><a href=\"https:\/\/www.ifbaiano.edu.br\/unidades\/santaines\/files\/2021\/04\/e5a01b65-293a-46ba-b4fe-638429fdf16a.jpg\"><img decoding=\"async\" loading=\"lazy\" width=\"1280\" height=\"960\" src=\"https:\/\/www.ifbaiano.edu.br\/unidades\/santaines\/files\/2021\/04\/e5a01b65-293a-46ba-b4fe-638429fdf16a.jpg\" alt=\"\" data-id=\"14965\" data-link=\"https:\/\/www.ifbaiano.edu.br\/unidades\/santaines\/?attachment_id=14965\" class=\"wp-image-14965\" \/><\/a><\/figure><\/li><\/ul><\/figure>\n\n\n\n<p>Esta \u00e9 a segunda vez que o campus faz distribui\u00e7\u00e3o dos kits atrav\u00e9s do PNAE. A primeira vez, foram distribu\u00eddos 180 kits de Alimenta\u00e7\u00e3o tamb\u00e9m para estudantes do Ensino M\u00e9dio dos cursos Integrados e Subsequente.  A Comiss\u00e3o Local do PNAE para Enfrentamento da pandemia de Covid-19, Campus Santa In\u00eas, institu\u00edda pela Portaria 36\/2020, de 27 de abril de 2020, foi a respons\u00e1vel pela sele\u00e7\u00e3o e organiza\u00e7\u00e3o dos Kits de Alimenta\u00e7\u00e3o.<\/p>\n\n\n\n<p>Nesta segunda etapa foram contemplados 107 estudantes e priorizados, na sele\u00e7\u00e3o, os estudantes inscritos no PAISE 2020 e n\u00e3o selecionados para o aux\u00edlio emergencial em 2020 das cidades de Cravol\u00e2ndia, Uba\u00edra e Santa In\u00eas e os Residentes ingressantes em 2020 com maior vulnerabilidade socioecon\u00f4mica dos munic\u00edpios de dentro e fora do Territ\u00f3rio Vale do Jiquiri\u00e7\u00e1.<\/p>\n","protected":false},"excerpt":{"rendered":"<p>.<\/p>\n","protected":false},"author":86,"featured_media":14967,"comment_status":"closed","ping_status":"closed","sticky":false,"template":"","format":"standard","meta":[],"categories":[4,1,57],"tags":[],"_links":{"self":[{"href":"https:\/\/www.ifbaiano.edu.br\/unidades\/santaines\/wp-json\/wp\/v2\/posts\/14962"}],"collection":[{"href":"https:\/\/www.ifbaiano.edu.br\/unidades\/santaines\/wp-json\/wp\/v2\/posts"}],"about":[{"href":"https:\/\/www.ifbaiano.edu.br\/unidades\/santaines\/wp-json\/wp\/v2\/types\/post"}],"author":[{"embeddable":true,"href":"https:\/\/www.ifbaiano.edu.br\/unidades\/santaines\/wp-json\/wp\/v2\/users\/86"}],"replies":[{"embeddable":true,"href":"https:\/\/www.ifbaiano.edu.br\/unidades\/santaines\/wp-json\/wp\/v2\/comments?post=14962"}],"version-history":[{"count":2,"href":"https:\/\/www.ifbaiano.edu.br\/unidades\/santaines\/wp-json\/wp\/v2\/posts\/14962\/revisions"}],"predecessor-version":[{"id":14968,"href":"https:\/\/www.ifbaiano.edu.br\/unidades\/santaines\/wp-json\/wp\/v2\/posts\/14962\/revisions\/14968"}],"wp:featuredmedia":[{"embeddable":true,"href":"https:\/\/www.ifbaiano.edu.br\/unidades\/santaines\/wp-json\/wp\/v2\/media\/14967"}],"wp:attachment":[{"href":"https:\/\/www.ifbaiano.edu.br\/unidades\/santaines\/wp-json\/wp\/v2\/media?parent=14962"}],"wp:term":[{"taxonomy":"category","embeddable":true,"href":"https:\/\/www.ifbaiano.edu.br\/unidades\/santaines\/wp-json\/wp\/v2\/categories?post=14962"},{"taxonomy":"post_tag","embeddable":true,"href":"https:\/\/www.ifbaiano.edu.br\/unidades\/santaines\/wp-json\/wp\/v2\/tags?post=14962"}],"curies":[{"name":"wp","href":"https:\/\/api.w.org\/{rel}","templated":true}]}}