{"id":14963,"date":"2021-04-29T10:20:57","date_gmt":"2021-04-29T13:20:57","guid":{"rendered":"https:\/\/www.ifbaiano.edu.br\/unidades\/santaines\/?p=14963"},"modified":"2021-04-29T11:29:14","modified_gmt":"2021-04-29T14:29:14","slug":"if-baiano-faz-levantamento-sobre-praticas-de-jogos-eletronicos-entre-estudantes","status":"publish","type":"post","link":"https:\/\/www.ifbaiano.edu.br\/unidades\/santaines\/if-baiano-faz-levantamento-sobre-praticas-de-jogos-eletronicos-entre-estudantes\/","title":{"rendered":"IF Baiano faz levantamento sobre pr\u00e1ticas de jogos eletr\u00f4nicos entre estudantes"},"content":{"rendered":"\n<p>Com o objetivo de levantar informa\u00e7\u00f5es sobre a pr\u00e1tica de&nbsp;<em>e-sports<\/em>&nbsp;(jogos eletr\u00f4nicos) no \u00e2mbito do IF Baiano, est\u00e1 dispon\u00edvel um question\u00e1rio a ser respondido por estudantes da institui\u00e7\u00e3o&nbsp;<strong>at\u00e9 o dia 5 de maio, pr\u00f3xima quarta-feira<\/strong>. O levantamento servir\u00e1 de base para organizar a participa\u00e7\u00e3o do IF Baiano nos Jogos Eletr\u00f4nicos das Institui\u00e7\u00f5es Federais (eJIF GAMES), que est\u00e1 previsto para ser realizado de 13 a 17 de setembro de 2021.&nbsp;<\/p>\n\n\n\n<p>Para contribuir com a pesquisa,&nbsp;<a rel=\"noreferrer noopener\" href=\"https:\/\/docs.google.com\/forms\/d\/e\/1FAIpQLSfgb1xNJvtyPNBKKUE5Z7JBZbZ2QVpYSFj-oEsRPBxw_eTtOg\/viewform\" target=\"_blank\">acesse aqui o formul\u00e1rio<\/a>.<\/p>\n\n\n\n<p>A ideia do question\u00e1rio \u00e9 descobrir se os estudantes do IF Baiano jogam&nbsp;<em>e-sports<\/em>, quais tipos de jogos s\u00e3o praticados, quais equipamentos costumam ser utilizados, dentre outras pr\u00e1ticas comuns. Segundo a comiss\u00e3o respons\u00e1vel pela organiza\u00e7\u00e3o do&nbsp;<em>eJIF GAMES<\/em>&nbsp;no IF Baiano, os dados obtidos servir\u00e3o tamb\u00e9m para identificar quais&nbsp;<em>campi&nbsp;<\/em>ter\u00e3o equipes para realiza\u00e7\u00e3o das etapas internas e&nbsp;<em>intercampi<\/em>, necess\u00e1rias para a inscri\u00e7\u00e3o no evento nacional.&nbsp;<\/p>\n\n\n\n<p>Ap\u00f3s a an\u00e1lise dos dados, a comiss\u00e3o do IF Baiano ir\u00e1 avaliar a possibilidade de organizar torneios internos nos&nbsp;<em>campi<\/em>&nbsp;e selecionar uma equipe vencedora de cada modalidade que participar\u00e1 de um torneio maior,&nbsp;<em>intercampi<\/em>, no mesmo formato do JEIF [Jogos Estudantis dos Institutos Federais). \u201cAo final, com todas essas equipes, aquelas que vencerem, uma em cada modalidade, representar\u00e3o o instituto nessa etapa nacional, para a qual as inscri\u00e7\u00f5es est\u00e3o marcadas para de 19 de julho a 26 de agosto. Ent\u00e3o, teremos at\u00e9 l\u00e1 para organizar a nossa etapa local e a&nbsp;<em>intercampi<\/em>\u201d, explica o presidente da comiss\u00e3o do eJIF GAMES no IF Baiano, Petry Lordelo.&nbsp;<\/p>\n\n\n\n<p><strong>Sobre o eJIF GAMES&nbsp;<\/strong><\/p>\n\n\n\n<p>O eJIF GAMES 2021 \u00e9 organizado pela Comiss\u00e3o Organizadora dos Jogos da Rede Federal (COJIF) e destinado a todos os Institutos Federais do Brasil, Cefets (MG e RJ) e Col\u00e9gio Pedro II.&nbsp;<\/p>\n\n\n\n<p>A competi\u00e7\u00e3o \u00e9 uma iniciativa alicer\u00e7ada no&nbsp;<a rel=\"noreferrer noopener\" href=\"http:\/\/portal.mec.gov.br\/setec\/arquivos\/pdf\/LegisBasica.pdf\" target=\"_blank\">Programa de Expans\u00e3o da Educa\u00e7\u00e3o Profissional<\/a>&nbsp;e baseia-se, segundo seu&nbsp;<a href=\"https:\/\/astorga.ifpr.edu.br\/wp-content\/uploads\/2021\/04\/REGULAMENTO-GERAL-eJIF-2021-1.pdf\">regulamento<\/a>, no incentivo \u00e0 pr\u00e1tica do esporte eletr\u00f4nico e do lazer de forma consciente e participativa. O evento leva em conta, entre outros princ\u00edpios, o do respeito \u00e0 cidadania, ao estimular o entendimento e aplica\u00e7\u00e3o das regras esportivas, o respeito aos advers\u00e1rios e a valoriza\u00e7\u00e3o do companheirismo, e o da humaniza\u00e7\u00e3o, ao proporcionar aos estudantes&nbsp;vivenciar o prazer, a socializa\u00e7\u00e3o e o respeito \u00e0s diferen\u00e7as, provocadas pelo l\u00fadico esportivo.&nbsp;<\/p>\n\n\n\n<p>Confira o regulamento, as modalidades e normas do eJIF GAMES&nbsp;<a href=\"https:\/\/astorga.ifpr.edu.br\/index.php\/menu-principal\/eventos\/ejif-games-2021-fase-nacional\/\">nesta p\u00e1gina<\/a>.&nbsp;<\/p>\n\n\n\n<p>Para obter informa\u00e7\u00f5es e tirar d\u00favidas sobre a organiza\u00e7\u00e3o do torneios no IF Baiano, \u00e9 poss\u00edvel entrar em contato com a Comiss\u00e3o do eJIF no IF Baiano, atrav\u00e9s do e-mail petry.lordelo@ifbaiano.edu.br.<\/p>\n\n\n\n<hr class=\"wp-block-separator\" \/>\n\n\n\n<p>Mat\u00e9ria ASCOM publicada em: https:\/\/ifbaiano.edu.br\/portal\/blog\/if-baiano-faz-levantamento-sobre-praticas-de-jogos-eletronicos-entre-estudantes\/<\/p>\n","protected":false},"excerpt":{"rendered":"<p>Question\u00e1rio levantar\u00e1 dados para a participa\u00e7\u00e3o do IF Baiano no eJIF Games.<\/p>\n","protected":false},"author":86,"featured_media":14969,"comment_status":"closed","ping_status":"closed","sticky":false,"template":"","format":"standard","meta":[],"categories":[4,57],"tags":[],"_links":{"self":[{"href":"https:\/\/www.ifbaiano.edu.br\/unidades\/santaines\/wp-json\/wp\/v2\/posts\/14963"}],"collection":[{"href":"https:\/\/www.ifbaiano.edu.br\/unidades\/santaines\/wp-json\/wp\/v2\/posts"}],"about":[{"href":"https:\/\/www.ifbaiano.edu.br\/unidades\/santaines\/wp-json\/wp\/v2\/types\/post"}],"author":[{"embeddable":true,"href":"https:\/\/www.ifbaiano.edu.br\/unidades\/santaines\/wp-json\/wp\/v2\/users\/86"}],"replies":[{"embeddable":true,"href":"https:\/\/www.ifbaiano.edu.br\/unidades\/santaines\/wp-json\/wp\/v2\/comments?post=14963"}],"version-history":[{"count":1,"href":"https:\/\/www.ifbaiano.edu.br\/unidades\/santaines\/wp-json\/wp\/v2\/posts\/14963\/revisions"}],"predecessor-version":[{"id":14964,"href":"https:\/\/www.ifbaiano.edu.br\/unidades\/santaines\/wp-json\/wp\/v2\/posts\/14963\/revisions\/14964"}],"wp:featuredmedia":[{"embeddable":true,"href":"https:\/\/www.ifbaiano.edu.br\/unidades\/santaines\/wp-json\/wp\/v2\/media\/14969"}],"wp:attachment":[{"href":"https:\/\/www.ifbaiano.edu.br\/unidades\/santaines\/wp-json\/wp\/v2\/media?parent=14963"}],"wp:term":[{"taxonomy":"category","embeddable":true,"href":"https:\/\/www.ifbaiano.edu.br\/unidades\/santaines\/wp-json\/wp\/v2\/categories?post=14963"},{"taxonomy":"post_tag","embeddable":true,"href":"https:\/\/www.ifbaiano.edu.br\/unidades\/santaines\/wp-json\/wp\/v2\/tags?post=14963"}],"curies":[{"name":"wp","href":"https:\/\/api.w.org\/{rel}","templated":true}]}}