{"id":14974,"date":"2021-04-30T13:02:29","date_gmt":"2021-04-30T16:02:29","guid":{"rendered":"https:\/\/www.ifbaiano.edu.br\/unidades\/santaines\/?p=14974"},"modified":"2021-04-30T13:02:39","modified_gmt":"2021-04-30T16:02:39","slug":"if-baiano-seleciona-projetos-com-foco-no-ensino-de-programacao-aplicada","status":"publish","type":"post","link":"https:\/\/www.ifbaiano.edu.br\/unidades\/santaines\/if-baiano-seleciona-projetos-com-foco-no-ensino-de-programacao-aplicada\/","title":{"rendered":"IF Baiano seleciona projetos com foco no ensino de programa\u00e7\u00e3o aplicada"},"content":{"rendered":"\n<p>O IF Baiano, atrav\u00e9s do&nbsp;<a href=\"https:\/\/concurso.ifbaiano.edu.br\/portal\/adesao-ifes-abril-2021\/wp-content\/uploads\/sites\/392\/2021\/04\/Edital-34.2021-Chamada-Interna-Selecao-Interna-para-Adesao-ao-Chamamento-Publico-IFES-No.-01.2021.pdf\">Edital n\u00b0 34\/2021<\/a>&nbsp;da Pr\u00f3-reitoria de Extens\u00e3o (Proex), selecionar\u00e1 at\u00e9 cinco projetos voltados \u00e0 inicia\u00e7\u00e3o tecnol\u00f3gica para o desenvolvimento de a\u00e7\u00f5es de forma\u00e7\u00e3o em programa\u00e7\u00e3o aplicada de estudantes dos dois \u00faltimos anos do ensino fundamental das redes p\u00fablicas de ensino. A Proex receber\u00e1 as submiss\u00f5es de propostas de 29 de abril at\u00e9 o dia 19 de maio, atrav\u00e9s do e-mail&nbsp;<a href=\"mailto:cppex@ifbaiano.edu.br\">cppex@ifbaiano.edu.br<\/a>.<\/p>\n\n\n\n<p>A sele\u00e7\u00e3o interna faz parte do&nbsp;<a href=\"https:\/\/ifes.edu.br\/images\/stories\/-publicacoes\/chamadas-publicas\/2021\/01-2021\/22-04-2021\/edital-01-2021-retificado-22-04-2021-Chamada-Publica-IT-com-foco-em-ensino-de-programacao.pdf\">Chamamento P\u00fablico IFES n\u00ba. 01\/2021<\/a>, fomentado pela Secretaria de Educa\u00e7\u00e3o Profissional e Tecnol\u00f3gica \u2013 SETEC\/MEC, que selecionar\u00e1 60 projetos em todo o pa\u00eds. Cada proposta selecionada receber\u00e1 financiamento total de R$90.083,33; R$ 45.083,33 destinados \u00e0 infraestrutura e R$ 45.000 para o pagamento das bolsas.<\/p>\n\n\n\n<p>A iniciativa visa promover a participa\u00e7\u00e3o de servidores e estudantes do IF Baiano no desenvolvimento de projetos de inicia\u00e7\u00e3o e extens\u00e3o tecnol\u00f3gicas, objetivando o desenvolvimento de habilidades e compet\u00eancias relacionadas ao uso das tecnologias digitais, especialmente as associadas \u00e0 programa\u00e7\u00e3o e a dissemina\u00e7\u00e3o junto \u00e0 comunidade local do saber tecnol\u00f3gico e suas aplica\u00e7\u00f5es. A ideia \u00e9 que estudantes das redes estadual e municipais de ensino possam desenvolver habilidades iniciais e compet\u00eancias em tecnologia e despertem o interesse pela \u00e1rea de programa\u00e7\u00e3o.<\/p>\n\n\n\n<p>Cada projeto dever\u00e1 prever o atendimento a, no m\u00ednimo, 280 benefici\u00e1rios e cada benefici\u00e1rio dever\u00e1 ser atendido por, no m\u00ednimo, 20 horas de atividades. Os projetos realizar\u00e3o capacita\u00e7\u00e3o te\u00f3rico-pr\u00e1tica, utilizando ferramentas que facilitem o aprendizado dos estudantes, como por exemplo Arduino, Raspberry Pi, Softwares, kits de rob\u00f3tica.<\/p>\n\n\n\n<p>As equipes executoras dos projetos poder\u00e3o ser constitu\u00eddas pelos seguintes integrantes<\/p>\n\n\n\n<p>bolsistas: Coordenador, Extensionista, Colaborador Externo e Monitores. A participa\u00e7\u00e3o do coordenador e de, pelo menos, dois estudantes bolsistas \u00e9 obrigat\u00f3ria para a composi\u00e7\u00e3o da equipe. O extensionista auxiliar\u00e1 as atividades a serem desenvolvidas no projeto e dever\u00e1 ser um servidor do IF Baiano, j\u00e1 o colaborador externo, que tamb\u00e9m auxiliar\u00e1 as atividades, dever\u00e1 ser um profissional graduado, vinculado \u00e0 escola parceira do projeto.<\/p>\n\n\n\n<p>Segundo e edital, os projetos devem contribuir para a forma\u00e7\u00e3o cidad\u00e3 dos participantes, habilitando-os a atuar de forma criativa, por meio do uso da tecnologia, para a resolu\u00e7\u00e3o de problemas reais do mundo do trabalho e de suas comunidades. Al\u00e9m disso, as iniciativas contribuir\u00e3o para o estabelecimento de parcerias entre o IF Baiano e as secretarias municipais e estadual de educa\u00e7\u00e3o e ir\u00e3o promover a divulga\u00e7\u00e3o da educa\u00e7\u00e3o profissional e tecnol\u00f3gica junto a professores e estudantes do ensino fundamental das redes p\u00fablicas de ensino e \u00e0 comunidade local, de forma a atrair esses estudantes para o IF Baiano e para a \u00e1rea de tecnologia.<\/p>\n\n\n\n<p>Acompanhe o processo seletivo\u00a0<a href=\"https:\/\/concurso.ifbaiano.edu.br\/portal\/adesao-ifes-abril-2021\/\">nesta p\u00e1gina<\/a>!<\/p>\n\n\n\n<hr class=\"wp-block-separator\" \/>\n\n\n\n<p>Mat\u00e9ria ASCOM publicada em: https:\/\/ifbaiano.edu.br\/portal\/blog\/if-baiano-seleciona-projetos-com-foco-no-ensino-de-programacao-aplicada\/<\/p>\n","protected":false},"excerpt":{"rendered":"<p>Cada uma das cinco a\u00e7\u00f5es extensionistas deve atender, pelo menos, 280 estudantes das redes p\u00fablicas de ensino<\/p>\n","protected":false},"author":86,"featured_media":14975,"comment_status":"closed","ping_status":"closed","sticky":false,"template":"","format":"standard","meta":[],"categories":[4,38,5,57],"tags":[],"_links":{"self":[{"href":"https:\/\/www.ifbaiano.edu.br\/unidades\/santaines\/wp-json\/wp\/v2\/posts\/14974"}],"collection":[{"href":"https:\/\/www.ifbaiano.edu.br\/unidades\/santaines\/wp-json\/wp\/v2\/posts"}],"about":[{"href":"https:\/\/www.ifbaiano.edu.br\/unidades\/santaines\/wp-json\/wp\/v2\/types\/post"}],"author":[{"embeddable":true,"href":"https:\/\/www.ifbaiano.edu.br\/unidades\/santaines\/wp-json\/wp\/v2\/users\/86"}],"replies":[{"embeddable":true,"href":"https:\/\/www.ifbaiano.edu.br\/unidades\/santaines\/wp-json\/wp\/v2\/comments?post=14974"}],"version-history":[{"count":1,"href":"https:\/\/www.ifbaiano.edu.br\/unidades\/santaines\/wp-json\/wp\/v2\/posts\/14974\/revisions"}],"predecessor-version":[{"id":14976,"href":"https:\/\/www.ifbaiano.edu.br\/unidades\/santaines\/wp-json\/wp\/v2\/posts\/14974\/revisions\/14976"}],"wp:featuredmedia":[{"embeddable":true,"href":"https:\/\/www.ifbaiano.edu.br\/unidades\/santaines\/wp-json\/wp\/v2\/media\/14975"}],"wp:attachment":[{"href":"https:\/\/www.ifbaiano.edu.br\/unidades\/santaines\/wp-json\/wp\/v2\/media?parent=14974"}],"wp:term":[{"taxonomy":"category","embeddable":true,"href":"https:\/\/www.ifbaiano.edu.br\/unidades\/santaines\/wp-json\/wp\/v2\/categories?post=14974"},{"taxonomy":"post_tag","embeddable":true,"href":"https:\/\/www.ifbaiano.edu.br\/unidades\/santaines\/wp-json\/wp\/v2\/tags?post=14974"}],"curies":[{"name":"wp","href":"https:\/\/api.w.org\/{rel}","templated":true}]}}