{"id":14978,"date":"2021-05-01T09:08:00","date_gmt":"2021-05-01T12:08:00","guid":{"rendered":"https:\/\/www.ifbaiano.edu.br\/unidades\/santaines\/?p=14978"},"modified":"2021-05-01T09:08:00","modified_gmt":"2021-05-01T12:08:00","slug":"campus-santa-ines-abre-selecao-para-professor-substituto","status":"publish","type":"post","link":"https:\/\/www.ifbaiano.edu.br\/unidades\/santaines\/campus-santa-ines-abre-selecao-para-professor-substituto\/","title":{"rendered":"Campus Santa In\u00eas abre sele\u00e7\u00e3o para professor substituto"},"content":{"rendered":"\n<p>Estr\u00e3o abertas, a partir do dia 03 at\u00e9 as 23h59min do dia 17 de maio de 2021, as inscri\u00e7\u00f5es do processo seletivo simplificado para contrata\u00e7\u00e3o de Professor Substituto no Instituto Federal de Educa\u00e7\u00e3o, Ci\u00eancia e Tecnologia Baiano \u2013\u00a0<em>Campus<\/em>\u00a0Santa In\u00eas.<\/p>\n\n\n\n<p>A sele\u00e7\u00e3o ser\u00e1 de 01 (uma) vaga para professor da \u00e1rea de Linguagens (Portugu\u00eas\/Ingl\u00eas) e com o tempo de contrato de at\u00e9 12 meses, podendo ser prorrogado por igual per\u00edodo. Para participar, os interessados devem observar os requisitos e documentos exigidos no Edital n\u00b0 35, de 27 de abril de 2021, dispon\u00edvel na\u00a0<strong><a href=\"https:\/\/concurso.ifbaiano.edu.br\/portal\/substituto-portugues-santa-ines-abril-2021\/\">P\u00e1gina da Sele\u00e7\u00e3o<\/a><\/strong>.<\/p>\n\n\n\n<p>O processo seletivo ser\u00e1 realizado em etapas distintas, constitu\u00eddas de Prova de Desempenho Did\u00e1tico, de car\u00e1ter eliminat\u00f3rio e classificat\u00f3rio, e Prova de T\u00edtulos, de car\u00e1ter classificat\u00f3rio. Os candidatos selecionados ir\u00e3o ocupar cargo de Professor Substituto da categoria funcional de Professor de Ensino B\u00e1sico, T\u00e9cnico e Tecnol\u00f3gico, Classe DI, N\u00edvel 01, em regime tempor\u00e1rio, com exerc\u00edcio no Campus Santa In\u00eas.<\/p>\n\n\n\n<p>A Prova de Desempenho Did\u00e1tico (realizada por meio de videoconfer\u00eancia &#8211; Google Meet &#8211; e gravada) ser\u00e1 realizada com base no programa da \u00e1rea (pontos), conforme exposto no Anexo I do Edital e envolver\u00e1 aspectos te\u00f3ricos, pr\u00e1ticos e did\u00e1tico-pedag\u00f3gicos, entre os dias 01\/06\/2021 e 02\/06\/2021, podendo ser estendido a dias subsequentes caso haja um elevado n\u00famero de inscritos.<\/p>\n\n\n\n<p>A inscri\u00e7\u00e3o ser\u00e1 efetuada, exclusivamente via internet, pelo preenchimento completo e assinatura da Ficha de Inscri\u00e7\u00e3o constante <a href=\"https:\/\/concurso.ifbaiano.edu.br\/portal\/substituto-portugues-santa-ines-abril-2021\/\">neste link<\/a>, anexando os documentos constantes no <strong><a href=\"https:\/\/concurso.ifbaiano.edu.br\/portal\/substituto-portugues-santa-ines-abril-2021\/wp-content\/uploads\/sites\/396\/2021\/04\/EDITAL-N%C2%BA-35-DE-23-DE-ABRIL-DE-2021.pdf\">Edital<\/a><\/strong>. Para validar a inscri\u00e7\u00e3o, o(a) candidato(a) dever\u00e1 enviar, via Correios, Carta registrada com AR ou Sedex, com prazo final do dia 17\/05\/2021, c\u00f3pia dos documentos descritos no edital, devidamente autenticados em cart\u00f3rio.<\/p>\n\n\n\n<p>A <a href=\"https:\/\/concurso.ifbaiano.edu.br\/portal\/substituto-portugues-santa-ines-abril-2021\/\">P\u00e1gina do Processo Seletivo<\/a> dever\u00e1 ser acessada para maiores informa\u00e7\u00f5es e acompanhamento do certame. <\/p>\n\n\n\n<p>D\u00favidas podem ser encaminhadas para o e-mail\u00a0professor@si.ifbaiano.edu.br.<\/p>\n\n\n\n<hr class=\"wp-block-separator\" \/>\n\n\n\n<p><\/p>\n","protected":false},"excerpt":{"rendered":"<p>As inscri\u00e7\u00f5es v\u00e3o at\u00e9 o dia 17 de maio de 2021<\/p>\n","protected":false},"author":86,"featured_media":0,"comment_status":"closed","ping_status":"closed","sticky":false,"template":"","format":"standard","meta":[],"categories":[4,5,8,57],"tags":[],"_links":{"self":[{"href":"https:\/\/www.ifbaiano.edu.br\/unidades\/santaines\/wp-json\/wp\/v2\/posts\/14978"}],"collection":[{"href":"https:\/\/www.ifbaiano.edu.br\/unidades\/santaines\/wp-json\/wp\/v2\/posts"}],"about":[{"href":"https:\/\/www.ifbaiano.edu.br\/unidades\/santaines\/wp-json\/wp\/v2\/types\/post"}],"author":[{"embeddable":true,"href":"https:\/\/www.ifbaiano.edu.br\/unidades\/santaines\/wp-json\/wp\/v2\/users\/86"}],"replies":[{"embeddable":true,"href":"https:\/\/www.ifbaiano.edu.br\/unidades\/santaines\/wp-json\/wp\/v2\/comments?post=14978"}],"version-history":[{"count":1,"href":"https:\/\/www.ifbaiano.edu.br\/unidades\/santaines\/wp-json\/wp\/v2\/posts\/14978\/revisions"}],"predecessor-version":[{"id":14979,"href":"https:\/\/www.ifbaiano.edu.br\/unidades\/santaines\/wp-json\/wp\/v2\/posts\/14978\/revisions\/14979"}],"wp:attachment":[{"href":"https:\/\/www.ifbaiano.edu.br\/unidades\/santaines\/wp-json\/wp\/v2\/media?parent=14978"}],"wp:term":[{"taxonomy":"category","embeddable":true,"href":"https:\/\/www.ifbaiano.edu.br\/unidades\/santaines\/wp-json\/wp\/v2\/categories?post=14978"},{"taxonomy":"post_tag","embeddable":true,"href":"https:\/\/www.ifbaiano.edu.br\/unidades\/santaines\/wp-json\/wp\/v2\/tags?post=14978"}],"curies":[{"name":"wp","href":"https:\/\/api.w.org\/{rel}","templated":true}]}}