{"id":14984,"date":"2021-05-04T18:00:25","date_gmt":"2021-05-04T21:00:25","guid":{"rendered":"https:\/\/www.ifbaiano.edu.br\/unidades\/santaines\/?p=14984"},"modified":"2021-05-04T18:00:36","modified_gmt":"2021-05-04T21:00:36","slug":"sisu-2021-1-1a-chamada-da-lista-de-espera-convocacao-para-matricula","status":"publish","type":"post","link":"https:\/\/www.ifbaiano.edu.br\/unidades\/santaines\/sisu-2021-1-1a-chamada-da-lista-de-espera-convocacao-para-matricula\/","title":{"rendered":"SISU 2021.1 &#8211; 1\u00aa Chamada da Lista de Espera &#8211; Convoca\u00e7\u00e3o para Matr\u00edcula"},"content":{"rendered":"\n<p>O IF Baiano publicou, no dia 30 de abril, o <a href=\"https:\/\/concurso.ifbaiano.edu.br\/portal\/sisu2021\/wp-content\/uploads\/sites\/382\/2021\/04\/Edital-n%C2%BA-37-Convoca%C3%A7%C3%A3o-para-o-Preenchimento-de-Vagas-da-Lista-de-Espera-%E2%80%93-SiSU-2021.pdf\">Edital n\u00ba 37\/2021<\/a> de convoca\u00e7\u00e3o para o preenchimento de vagas da lista de espera &#8211; Sistema de Sele\u00e7\u00e3o Unificado &#8211; SISU\/2021.1. Os candidatos convocados na primeira chamada da lista de espera do  SISU t\u00eam de amanh\u00e3 (5) at\u00e9 o dia 10 de maio para realizar as matr\u00edculas nos cursos superiores do Instituto Federal Baiano \u2013 Campus Santa In\u00eas. A rela\u00e7\u00e3o de candidatos convocados para a <a href=\"https:\/\/concurso.ifbaiano.edu.br\/portal\/sisu2021\/wp-content\/uploads\/sites\/382\/2021\/05\/1%C2%AA-Chamada-da-Lista-de-Espera-Campus-Santa-In%C3%AAs.pdf\">1\u00b0 Chamada da Lista de Espera<\/a>\u00a0j\u00e1 se encontra na <a href=\"https:\/\/concurso.ifbaiano.edu.br\/portal\/sisu2021\/\">P\u00e1gina do Certame<\/a>. <\/p>\n\n\n\n<p>Para realizar a matr\u00edcula, os candidatos convocados devem acessar o formul\u00e1rio de inscri\u00e7\u00e3o para matr\u00edcula dispon\u00edvel na p\u00e1gina: <a href=\"https:\/\/concurso.ifbaiano.edu.br\/portal\/sisu2021\/\">sisu.ifbaiano.edu.br<\/a>, preencher todas as informa\u00e7\u00f5es solicitadas, finalizar e imprimir o formul\u00e1rio gerado, assinado todas as p\u00e1ginas no canto inferior direito. Depois, \u00e9 necess\u00e1rio encaminhar o formul\u00e1rio devidamente assinado para o e-mail <a href=\"mailto:prosel.ines@ifbaiano.edu.br\">prosel.ines@ifbaiano.edu.br<\/a>, junto com os demais documentos, de acordo com tipo de vaga escolhido no momento da inscri\u00e7\u00e3o no SISU. <\/p>\n\n\n\n<p>Ap\u00f3s o retorno presencial das atividades, a Secretaria de Registros Acad\u00eamicos (SRA) far\u00e1 uma convoca\u00e7\u00e3o para apresenta\u00e7\u00e3o dos documentos originais.<\/p>\n\n\n\n<p>D\u00favidas e\/ou informa\u00e7\u00f5es sobre SISU dever\u00e3o ser encaminhadas para o e-mail prosel.ines@ifbaiano.edu.br <a href=\"mailto:prosel.ines@ifbaiano.edu.br\">prosel.ines@ifbaiano.edu.br<\/a>.<\/p>\n\n\n\n<hr class=\"wp-block-separator\" \/>\n","protected":false},"excerpt":{"rendered":"<p>As matr\u00edculas acontecem de 05 a 10 de maio de 2021<\/p>\n","protected":false},"author":86,"featured_media":14739,"comment_status":"closed","ping_status":"closed","sticky":false,"template":"","format":"standard","meta":[],"categories":[4,12,5,8,57],"tags":[],"_links":{"self":[{"href":"https:\/\/www.ifbaiano.edu.br\/unidades\/santaines\/wp-json\/wp\/v2\/posts\/14984"}],"collection":[{"href":"https:\/\/www.ifbaiano.edu.br\/unidades\/santaines\/wp-json\/wp\/v2\/posts"}],"about":[{"href":"https:\/\/www.ifbaiano.edu.br\/unidades\/santaines\/wp-json\/wp\/v2\/types\/post"}],"author":[{"embeddable":true,"href":"https:\/\/www.ifbaiano.edu.br\/unidades\/santaines\/wp-json\/wp\/v2\/users\/86"}],"replies":[{"embeddable":true,"href":"https:\/\/www.ifbaiano.edu.br\/unidades\/santaines\/wp-json\/wp\/v2\/comments?post=14984"}],"version-history":[{"count":1,"href":"https:\/\/www.ifbaiano.edu.br\/unidades\/santaines\/wp-json\/wp\/v2\/posts\/14984\/revisions"}],"predecessor-version":[{"id":14985,"href":"https:\/\/www.ifbaiano.edu.br\/unidades\/santaines\/wp-json\/wp\/v2\/posts\/14984\/revisions\/14985"}],"wp:featuredmedia":[{"embeddable":true,"href":"https:\/\/www.ifbaiano.edu.br\/unidades\/santaines\/wp-json\/wp\/v2\/media\/14739"}],"wp:attachment":[{"href":"https:\/\/www.ifbaiano.edu.br\/unidades\/santaines\/wp-json\/wp\/v2\/media?parent=14984"}],"wp:term":[{"taxonomy":"category","embeddable":true,"href":"https:\/\/www.ifbaiano.edu.br\/unidades\/santaines\/wp-json\/wp\/v2\/categories?post=14984"},{"taxonomy":"post_tag","embeddable":true,"href":"https:\/\/www.ifbaiano.edu.br\/unidades\/santaines\/wp-json\/wp\/v2\/tags?post=14984"}],"curies":[{"name":"wp","href":"https:\/\/api.w.org\/{rel}","templated":true}]}}