{"id":14986,"date":"2021-05-05T15:22:04","date_gmt":"2021-05-05T18:22:04","guid":{"rendered":"https:\/\/www.ifbaiano.edu.br\/unidades\/santaines\/?p=14986"},"modified":"2021-05-05T15:22:15","modified_gmt":"2021-05-05T18:22:15","slug":"inscricoes-abertas-para-especializacao-em-desenvolvimento-regional-e-meio-ambiente","status":"publish","type":"post","link":"https:\/\/www.ifbaiano.edu.br\/unidades\/santaines\/inscricoes-abertas-para-especializacao-em-desenvolvimento-regional-e-meio-ambiente\/","title":{"rendered":"Inscri\u00e7\u00f5es abertas para especializa\u00e7\u00e3o em Desenvolvimento Regional e Meio Ambiente"},"content":{"rendered":"\n<p>O IF Baiano abre inscri\u00e7\u00f5es, nesta sexta-feira (7), para o curso de P\u00f3s-gradua\u00e7\u00e3o&nbsp;<em>Lato Sensu<\/em>&nbsp;em Desenvolvimento Regional e Meio Ambiente do<em>&nbsp;Campus&nbsp;<\/em>Santa In\u00eas. S\u00e3o ofertadas 20 vagas, sendo quatro vagas reservadas a candidatos negros (pretos ou pardos) e ind\u00edgenas e uma vaga destinada a pessoas com defici\u00eancia. Para concorrer \u00e9 preciso ser portador de diploma de n\u00edvel superior.<\/p>\n\n\n\n<p>Para se inscrever, gratuitamente, \u00e9 necess\u00e1rio ler o&nbsp;<a href=\"https:\/\/concurso.ifbaiano.edu.br\/portal\/pos-drma-santa-ines-abril-2021\/wp-content\/uploads\/sites\/394\/2021\/04\/Edital-n%C2%BA-33.pdf\"><u>Edital de Sele\u00e7\u00e3o<\/u><\/a>, se atentar \u00e0 documenta\u00e7\u00e3o descrita no item 4.1 e enviar todo o material solicitado para o e-mail&nbsp;<a href=\"mailto:prosel.drma@ifbaiano.edu.br\">prosel.drma@ifbaiano.edu.br<\/a>. Os interessados t\u00eam at\u00e9 o dia 13 de maio para enviar os documentos, que incluem: c\u00f3pias dos registros de identifica\u00e7\u00e3o, do diploma de gradua\u00e7\u00e3o, dos formul\u00e1rios e declara\u00e7\u00f5es, devidamente assinados, entre outros. Todos ser\u00e3o analisados por uma comiss\u00e3o respons\u00e1vel, de acordo com os baremas preestabelecidos.<\/p>\n\n\n\n<p>A avalia\u00e7\u00e3o \u00e9 dividida em tr\u00eas se\u00e7\u00f5es: produ\u00e7\u00e3o t\u00e9cnica\/cient\u00edfica, experi\u00eancia acad\u00eamica\/profissional e atividades de aperfei\u00e7oamento. Todas essas se\u00e7\u00f5es disp\u00f5em de exig\u00eancias espec\u00edficas para pontua\u00e7\u00e3o do candidato, que podem ser verificadas no barema, dispon\u00edvel no anexo III.<\/p>\n\n\n\n<p>O resultado ser\u00e1 divulgado no dia 4 de junho, na aba Concursos e Sele\u00e7\u00f5es, do site do IF Baiano. Os candidatos tamb\u00e9m podem acompanhar as redes sociais do&nbsp;<em>Campus&nbsp;<\/em>Santa In\u00eas (@ifbaiano.santaines) para verificar as publica\u00e7\u00f5es sobre o processo seletivo.<\/p>\n\n\n\n<p><strong>Sobre o curso<\/strong><\/p>\n\n\n\n<p>O Curso tem como objetivo central proporcionar a forma\u00e7\u00e3o continuada de profissionais de \u00e1reas afins \u00e0 tem\u00e1tica Desenvolvimento Regional e Meio Ambiente, visando o aprofundamento te\u00f3rico-metodol\u00f3gico nas \u00e1reas educacional, da pesquisa cient\u00edfica e pr\u00e1tica profissional, de acordo com as especifica\u00e7\u00f5es da P\u00f3s-gradua\u00e7\u00e3o Lato Sensu.<\/p>\n\n\n\n<p>Para mais informa\u00e7\u00f5es, acesse a\u00a0<a href=\"https:\/\/concurso.ifbaiano.edu.br\/portal\/pos-drma-santa-ines-abril-2021\/\"><u>p\u00e1gina do certame<\/u><\/a>.<\/p>\n\n\n\n<hr class=\"wp-block-separator\" \/>\n\n\n\n<p>Mat\u00e9ria ASCOM publicada em: https:\/\/ifbaiano.edu.br\/portal\/blog\/inscricoes-abertas-para-especializacao-em-desenvolvimento-regional-e-meio-ambiente\/<\/p>\n","protected":false},"excerpt":{"rendered":"<p>S\u00e3o 20 oportunidades a serem preenchidas, ainda neste semestre, no Campus Santa In\u00eas<\/p>\n","protected":false},"author":86,"featured_media":14953,"comment_status":"closed","ping_status":"closed","sticky":false,"template":"","format":"standard","meta":[],"categories":[4,5,8,57],"tags":[],"_links":{"self":[{"href":"https:\/\/www.ifbaiano.edu.br\/unidades\/santaines\/wp-json\/wp\/v2\/posts\/14986"}],"collection":[{"href":"https:\/\/www.ifbaiano.edu.br\/unidades\/santaines\/wp-json\/wp\/v2\/posts"}],"about":[{"href":"https:\/\/www.ifbaiano.edu.br\/unidades\/santaines\/wp-json\/wp\/v2\/types\/post"}],"author":[{"embeddable":true,"href":"https:\/\/www.ifbaiano.edu.br\/unidades\/santaines\/wp-json\/wp\/v2\/users\/86"}],"replies":[{"embeddable":true,"href":"https:\/\/www.ifbaiano.edu.br\/unidades\/santaines\/wp-json\/wp\/v2\/comments?post=14986"}],"version-history":[{"count":1,"href":"https:\/\/www.ifbaiano.edu.br\/unidades\/santaines\/wp-json\/wp\/v2\/posts\/14986\/revisions"}],"predecessor-version":[{"id":14987,"href":"https:\/\/www.ifbaiano.edu.br\/unidades\/santaines\/wp-json\/wp\/v2\/posts\/14986\/revisions\/14987"}],"wp:featuredmedia":[{"embeddable":true,"href":"https:\/\/www.ifbaiano.edu.br\/unidades\/santaines\/wp-json\/wp\/v2\/media\/14953"}],"wp:attachment":[{"href":"https:\/\/www.ifbaiano.edu.br\/unidades\/santaines\/wp-json\/wp\/v2\/media?parent=14986"}],"wp:term":[{"taxonomy":"category","embeddable":true,"href":"https:\/\/www.ifbaiano.edu.br\/unidades\/santaines\/wp-json\/wp\/v2\/categories?post=14986"},{"taxonomy":"post_tag","embeddable":true,"href":"https:\/\/www.ifbaiano.edu.br\/unidades\/santaines\/wp-json\/wp\/v2\/tags?post=14986"}],"curies":[{"name":"wp","href":"https:\/\/api.w.org\/{rel}","templated":true}]}}