{"id":14990,"date":"2021-05-08T11:29:14","date_gmt":"2021-05-08T14:29:14","guid":{"rendered":"https:\/\/www.ifbaiano.edu.br\/unidades\/santaines\/?p=14990"},"modified":"2021-05-08T11:29:25","modified_gmt":"2021-05-08T14:29:25","slug":"ultimos-dias-para-se-inscrever-no-famif-2021","status":"publish","type":"post","link":"https:\/\/www.ifbaiano.edu.br\/unidades\/santaines\/ultimos-dias-para-se-inscrever-no-famif-2021\/","title":{"rendered":"\u00daltimos dias para se inscrever no Famif 2021"},"content":{"rendered":"\n<p>Encerra neste domingo, 9 de maio, o per\u00edodo de inscri\u00e7\u00f5es para o Festival de Arte e M\u00fasica do Instituto Federal Baiano (Famif). Nesta edi\u00e7\u00e3o, o evento ser\u00e1 totalmente on-line, com vota\u00e7\u00e3o aberta ao p\u00fablico, e reunir\u00e1 apresenta\u00e7\u00f5es de sete categorias art\u00edsticas.<\/p>\n\n\n\n<p>Se voc\u00ea \u00e9 discente, servidor, colaborador terceirizado, estagi\u00e1rio ou egresso do IF Baiano e tem um talento a mostrar, garanta sua participa\u00e7\u00e3o, enviando um v\u00eddeo da sua apresenta\u00e7\u00e3o para o e-mail&nbsp;<a href=\"mailto:famifbaianodigital@gmail.com\">famifbaianodigital@gmail.com<\/a>. Al\u00e9m da grava\u00e7\u00e3o, \u00e9 necess\u00e1rio anexar o formul\u00e1rio de inscri\u00e7\u00e3o devidamente preenchido e uma fotografia de si mesmo (<em>selfie<\/em>) ao lado do documento de identifica\u00e7\u00e3o (RG ou CNH).&nbsp;<\/p>\n\n\n\n<p>\u00c9 importante lembrar que os v\u00eddeos devem, obrigatoriamente, estar alinhados com tema do evento. Para esta edi\u00e7\u00e3o, a Pr\u00f3-reitoria de Extens\u00e3o do IF Baiano, respons\u00e1vel pela organiza\u00e7\u00e3o do festival, escolheu o tema \u201cPara estar junto n\u00e3o \u00e9 preciso estar perto\u201d para nortear as apresenta\u00e7\u00f5es. Mais detalhes sobre o tema, est\u00e3o dispon\u00edveis no&nbsp;<a href=\"https:\/\/concurso.ifbaiano.edu.br\/portal\/famif-2021\/wp-content\/uploads\/sites\/389\/2021\/04\/Edital-n%C2%BA-21-FAMIF-2021.pdf\">E<strong>dital n\u00b0 21\/2021<\/strong><\/a>.<\/p>\n\n\n\n<p><strong>Modalidades e categorias das apresenta\u00e7\u00f5es&nbsp;<\/strong><\/p>\n\n\n\n<p>Ao se inscrever, os participantes devem escolher entre duas modalidades:&nbsp;<strong>apresenta\u00e7\u00e3o Individual<\/strong>&nbsp;ou&nbsp;<strong>apresenta\u00e7\u00e3o em dupla ou grupo<\/strong>. No segundo caso, o n\u00famero m\u00e1ximo permitido \u00e9 de cinco participantes e cada um deles dever\u00e1 gravar sua participa\u00e7\u00e3o individualmente.<\/p>\n\n\n\n<p>S\u00e3o aceitas apresenta\u00e7\u00f5es das categorias Interpreta\u00e7\u00e3o musical autoral, Interpreta\u00e7\u00e3o musical n\u00e3o autoral, M\u00fasica Instrumental, Declama\u00e7\u00e3o de poema ou poesia autoral, Teatro,<em>&nbsp;stand up comedy<\/em>&nbsp;ou arte circense, Dan\u00e7a e Artes Visuais.&nbsp;<\/p>\n\n\n\n<p><strong>Como vai funcionar o Famif 2021?&nbsp;<\/strong><\/p>\n\n\n\n<p>Este ano, o Festival de Arte e M\u00fasica do IF Baiano (Famif) ser\u00e1 on-line e ocorrer\u00e1 em duas etapas. A primeira etapa, de 31 de maio a 6 de junho, consistir\u00e1 numa vota\u00e7\u00e3o aberta dos v\u00eddeos de apresenta\u00e7\u00f5es pr\u00e9-selecionados. Para assistir e votar nas apresenta\u00e7\u00f5es, o p\u00fablico dever\u00e1 acessar perfil&nbsp;<a href=\"https:\/\/www.instagram.com\/famifbaiano\/\">@famifbaiano<\/a>&nbsp;no&nbsp;<em>Instagram&nbsp;<\/em>e seguir as instru\u00e7\u00f5es da p\u00e1gina.&nbsp;<\/p>\n\n\n\n<p>Na segunda fase, marcada para o dia 18 de junho, o p\u00fablico ir\u00e1 conhecer as apresenta\u00e7\u00f5es vencedoras.&nbsp;<\/p>\n\n\n\n<p>Saiba mais sobre o festival&nbsp;<a href=\"https:\/\/concurso.ifbaiano.edu.br\/portal\/famif-2021\/\">aqui<\/a>.&nbsp;<\/p>\n\n\n\n<h3 class=\"wp-block-heading\">Veja tamb\u00e9m:<\/h3>\n\n\n\n<ul><li><a href=\"https:\/\/ifbaiano.edu.br\/portal\/blog\/lancado-edital-do-festival-de-arte-e-musica-do-if-baiano-2021\/\">Lan\u00e7ado edital do Festival de Arte e M\u00fasica do IF\u2026<\/a><\/li><\/ul>\n\n\n\n<hr class=\"wp-block-separator\" \/>\n\n\n\n<p>Mat\u00e9ria ASCOM publicada em: https:\/\/ifbaiano.edu.br\/portal\/blog\/ultimos-dias-para-se-inscrever-no-famif-2021\/<\/p>\n","protected":false},"excerpt":{"rendered":"<p>.<\/p>\n","protected":false},"author":86,"featured_media":14991,"comment_status":"closed","ping_status":"closed","sticky":false,"template":"","format":"standard","meta":[],"categories":[4,5,57],"tags":[],"_links":{"self":[{"href":"https:\/\/www.ifbaiano.edu.br\/unidades\/santaines\/wp-json\/wp\/v2\/posts\/14990"}],"collection":[{"href":"https:\/\/www.ifbaiano.edu.br\/unidades\/santaines\/wp-json\/wp\/v2\/posts"}],"about":[{"href":"https:\/\/www.ifbaiano.edu.br\/unidades\/santaines\/wp-json\/wp\/v2\/types\/post"}],"author":[{"embeddable":true,"href":"https:\/\/www.ifbaiano.edu.br\/unidades\/santaines\/wp-json\/wp\/v2\/users\/86"}],"replies":[{"embeddable":true,"href":"https:\/\/www.ifbaiano.edu.br\/unidades\/santaines\/wp-json\/wp\/v2\/comments?post=14990"}],"version-history":[{"count":1,"href":"https:\/\/www.ifbaiano.edu.br\/unidades\/santaines\/wp-json\/wp\/v2\/posts\/14990\/revisions"}],"predecessor-version":[{"id":14992,"href":"https:\/\/www.ifbaiano.edu.br\/unidades\/santaines\/wp-json\/wp\/v2\/posts\/14990\/revisions\/14992"}],"wp:featuredmedia":[{"embeddable":true,"href":"https:\/\/www.ifbaiano.edu.br\/unidades\/santaines\/wp-json\/wp\/v2\/media\/14991"}],"wp:attachment":[{"href":"https:\/\/www.ifbaiano.edu.br\/unidades\/santaines\/wp-json\/wp\/v2\/media?parent=14990"}],"wp:term":[{"taxonomy":"category","embeddable":true,"href":"https:\/\/www.ifbaiano.edu.br\/unidades\/santaines\/wp-json\/wp\/v2\/categories?post=14990"},{"taxonomy":"post_tag","embeddable":true,"href":"https:\/\/www.ifbaiano.edu.br\/unidades\/santaines\/wp-json\/wp\/v2\/tags?post=14990"}],"curies":[{"name":"wp","href":"https:\/\/api.w.org\/{rel}","templated":true}]}}