{"id":15004,"date":"2021-05-13T14:16:03","date_gmt":"2021-05-13T17:16:03","guid":{"rendered":"https:\/\/www.ifbaiano.edu.br\/unidades\/santaines\/?p=15004"},"modified":"2021-05-13T14:20:06","modified_gmt":"2021-05-13T17:20:06","slug":"campus-santa-ines-publica-nota-informativa-sobre-auxilio-moradia-paise-2020","status":"publish","type":"post","link":"https:\/\/www.ifbaiano.edu.br\/unidades\/santaines\/campus-santa-ines-publica-nota-informativa-sobre-auxilio-moradia-paise-2020\/","title":{"rendered":"Campus Santa In\u00eas publica Nota Informativa sobre Aux\u00edlio Moradia &#8211; PAISE 2020"},"content":{"rendered":"\n<p><strong>SELECIONADOS PARA O AUX\u00cdLIO MORADIA 2020<\/strong><\/p>\n\n\n\n<p><strong>NOTA INFORMATIVA<\/strong><\/p>\n\n\n\n<p>O Diretor Geral do Campus Santa In\u00eas, criado pela Lei 11.892, de 29 de dezembro de 2008, no uso de suas atribui\u00e7\u00f5es legais, informa aos estudantes selecionados para o Aux\u00edlio Moradia, com base no Programa de Assist\u00eancia e Inclus\u00e3o Social do Estudante -PAISE- Edital 05\/2020, que o repasse das parcelas ser\u00e1 estendido para 14 meses, no valor de R$300,00(trezentos reais).<\/p>\n\n\n\n<figure class=\"wp-block-table\"><table><tbody><tr><td><\/td><td><strong>ESTUDANTE<\/strong><\/td><td><strong>CIDADE<\/strong><\/td><\/tr><tr><td>01<\/td><td>Adriana Santos Rodrigues<\/td><td>Marac\u00e1s<\/td><\/tr><tr><td>02<\/td><td>Alana Machado Pinto<\/td><td>Ilh\u00e9us<\/td><\/tr><tr><td>03<\/td><td>Aline Alves da Silva<\/td><td>Marcion\u00edlio Souza<\/td><\/tr><tr><td>04<\/td><td>Ana Jhulya dos Santos Souza<\/td><td>Amargosa<\/td><\/tr><tr><td>05<\/td><td>Ana Paula de Jesus Santos<\/td><td>Valen\u00e7a<\/td><\/tr><tr><td>06<\/td><td>Ana Vict\u00f3ria Santos dos Reis<\/td><td>Valen\u00e7a<\/td><\/tr><tr><td>07<\/td><td>\u00c2ngela Jesus Santos<\/td><td>Uba\u00edra<\/td><\/tr><tr><td>08<\/td><td>Artur Marques de Ara\u00fajo<\/td><td>Laje Rural<\/td><\/tr><tr><td>09<\/td><td>Bruna Cruz dos Santos<\/td><td>Brej\u00f5es<\/td><\/tr><tr><td>10<\/td><td>Bruno da Silva Santos<\/td><td>Amargosa<\/td><\/tr><tr><td>11<\/td><td>Bruno Silva Santos<\/td><td>Jaguaquara<\/td><\/tr><tr><td>12<\/td><td>Daiane de Jesus Pereira<\/td><td>Laje Rural<\/td><\/tr><tr><td>13<\/td><td>Dailane Silva de Souza<\/td><td>Uba\u00edra Rural<\/td><\/tr><tr><td>14<\/td><td>Dayane de Souza<\/td><td>Uba\u00edra Rural<\/td><\/tr><tr><td>15<\/td><td>Eduardo Santos de Souza<\/td><td>Ibirataia<\/td><\/tr><tr><td>16<\/td><td>Eliane Pires Barbosa<\/td><td>Marcion\u00edlio Souza<\/td><\/tr><tr><td>17<\/td><td>Elesson Oliveira Costa<\/td><td>Jaguaquara<\/td><\/tr><tr><td>18<\/td><td>Eliton Moreira da Silva<\/td><td>Jaguaquara<\/td><\/tr><tr><td>19<\/td><td>Emille Magalh\u00e3es da Silva<\/td><td>Ibirapitanga<\/td><\/tr><tr><td>20<\/td><td>Eric Lennon Oliveira Santos<\/td><td>Ipia\u00fa<\/td><\/tr><tr><td>21<\/td><td>Everson Oliveira Silva<\/td><td>Santo Antonio de Jesus<\/td><\/tr><tr><td>22<\/td><td>Felipe Gabriel da Silva Almeida<\/td><td>Jaguaquara<\/td><\/tr><tr><td>23<\/td><td>F\u00e9lix Barbosa Reis<\/td><td>Itabuna<\/td><\/tr><tr><td>24<\/td><td>Gabriela Fran\u00e7a Miranda<\/td><td>Salvador<\/td><\/tr><tr><td>25<\/td><td>Gabriele dos Santos<\/td><td>Santa In\u00eas Rural<\/td><\/tr><tr><td>26<\/td><td>Geisimiry da Silva de Souza<\/td><td>Amargosa<\/td><\/tr><tr><td>27<\/td><td>Geraldi de Jesus Teixeira<\/td><td>Brej\u00f5es<\/td><\/tr><tr><td>28<\/td><td>Grazielly de Jesus Mota dos Anjos<\/td><td>Laje<\/td><\/tr><tr><td>29<\/td><td>Greice Quele da C Oliveira<\/td><td>Valen\u00e7a<\/td><\/tr><tr><td>30<\/td><td>Guilherme Mota de Lima<\/td><td>Marcion\u00edlio<\/td><\/tr><tr><td>31<\/td><td>Igor Rodrigo F. Nascimento<\/td><td>Itabuna<\/td><\/tr><tr><td>32<\/td><td>Inara Sales Costa<\/td><td>Amargosa<\/td><\/tr><tr><td>33<\/td><td>Isa\u00edas de Jesus Santos<\/td><td>Mutu\u00edpe<\/td><\/tr><tr><td>34<\/td><td>Islane Lorranie Carvalho Fagundes<\/td><td>Jaguaquara<\/td><\/tr><tr><td>35<\/td><td>Ivanir Jesus dos Santos<\/td><td>Santa In\u00eas- Rural<\/td><\/tr><tr><td>36<\/td><td>Jailson de Jesus Santos<\/td><td>Mutu\u00edpe<\/td><\/tr><tr><td>37<\/td><td>Jean dos Santos Lima<\/td><td>Uba\u00edra Rural<\/td><\/tr><tr><td>38<\/td><td>Jeovan dos Santos Lima<\/td><td>Uba\u00edra Rural<\/td><\/tr><tr><td>39<\/td><td>Jo\u00e3o Pedro Teixeira da Cruz<\/td><td>Maragojipe<\/td><\/tr><tr><td>40<\/td><td>Joedson da Silva<\/td><td>Taquarana<\/td><\/tr><tr><td>41<\/td><td>Jones Bispo dos Santos<\/td><td>Jaguaquara Rural<\/td><\/tr><tr><td>42<\/td><td>Josenildo Almeida dos Santos<\/td><td>Uba\u00edra Rural<\/td><\/tr><tr><td>43<\/td><td>Josevaldo Santos Souza<\/td><td>Mutu\u00edpe<\/td><\/tr><tr><td>44<\/td><td>Juscilene Cerqueira do Carmo<\/td><td>Mutu\u00edpe<\/td><\/tr><tr><td>45<\/td><td>Jussiaria Miranda Rocha<\/td><td>Jaguaquara<\/td><\/tr><tr><td>46<\/td><td>Kely Santos de Souza<\/td><td>Santa In\u00eas- Rural<\/td><\/tr><tr><td>47<\/td><td>Larissa Santos Lopes<\/td><td>Vit\u00f3ria da Conquista<\/td><\/tr><tr><td>48<\/td><td>Leandro Mascarenhas Santos<\/td><td>Amargosa<\/td><\/tr><tr><td>49<\/td><td>Luana Oliveira Tavares<\/td><td>Floresta Azul<\/td><\/tr><tr><td>50<\/td><td>Lucio Vital Moreira Costa<\/td><td>Valen\u00e7a<\/td><\/tr><tr><td>51<\/td><td>Magno Souza Mendes<\/td><td>Cruz das Almas<\/td><\/tr><tr><td>52<\/td><td>Marcelo Felipe Nunes Amaral<\/td><td>Mutu\u00edpe<\/td><\/tr><tr><td>53<\/td><td>Marcia Rosa de Jesus<\/td><td>Senhor do Bonfim<\/td><\/tr><tr><td>54<\/td><td>Maria Jos\u00e9 dos Santos<\/td><td>Jiquiri\u00e7\u00e1 Rural<\/td><\/tr><tr><td>55<\/td><td>Maricelma Santana de Oliveira<\/td><td>Uba\u00edra Rural<\/td><\/tr><tr><td>56<\/td><td>Mariele Santos da Paix\u00e3o<\/td><td>Uba\u00edra Rural<\/td><\/tr><tr><td>57<\/td><td>Mar\u00edlia Almeida dos Santos<\/td><td>Valen\u00e7a<\/td><\/tr><tr><td>58<\/td><td>Marivalda Oliveira dos Santos Cardoso<\/td><td>Jiquiri\u00e7\u00e1 Rural<\/td><\/tr><tr><td>59<\/td><td>Micaele Bispo Peixoto dos Santos<\/td><td>Salvador<\/td><\/tr><tr><td>60<\/td><td>Murilo dos Santos Silva<\/td><td>Salvador<\/td><\/tr><tr><td>61<\/td><td>Naara Macedo Lima Oliveira<\/td><td>Jacobina<\/td><\/tr><tr><td>62<\/td><td>Naise da Silva Cruz<\/td><td>Jiquiri\u00e7\u00e1<\/td><\/tr><tr><td>63<\/td><td>Natanaele Santos de Souza<\/td><td>Gand\u00fa<\/td><\/tr><tr><td>64<\/td><td>Natiele Lopes de Jesus<\/td><td>Jiquiri\u00e7\u00e1 Rural<\/td><\/tr><tr><td>65<\/td><td>Nelania Castro de Jesus<\/td><td>Valen\u00e7a<\/td><\/tr><tr><td>66<\/td><td>Paloma Batista Bertoso<\/td><td>Irajuba<\/td><\/tr><tr><td>67<\/td><td>Rafaela dos Santos Rodrigues<\/td><td>Jaguaquara<\/td><\/tr><tr><td>68<\/td><td>Raniere Leal dos Santos<\/td><td>Jiquiri\u00e7\u00e1 Rural<\/td><\/tr><tr><td>69<\/td><td>Rebeca da Silva Souza<\/td><td>Santa In\u00eas Rural<\/td><\/tr><tr><td>70<\/td><td>Renata Natiele Silva da Hora<\/td><td>Irajuba<\/td><\/tr><tr><td>71<\/td><td>Roberto dos Santos Reis<\/td><td>Iguai<\/td><\/tr><tr><td>72<\/td><td>Robson de Souza Oliveira<\/td><td>Santa In\u00eas Rural<\/td><\/tr><tr><td>73<\/td><td>Rodrigo dos Santos Reis<\/td><td>Uru\u00e7uca<\/td><\/tr><tr><td>74<\/td><td>Rosalia Carvalho dos Santos<\/td><td>Uba\u00edra Rural<\/td><\/tr><tr><td>75<\/td><td>Rosany Santos da Purifica\u00e7\u00e3o<\/td><td>Lajedo do Tabocal<\/td><\/tr><tr><td>76<\/td><td>Roseane Miranda Batista<\/td><td>Uba\u00edra Rural<\/td><\/tr><tr><td>77<\/td><td>Rubem Santos Andrade<\/td><td>Jequi\u00e9<\/td><\/tr><tr><td>78<\/td><td>Saick Tascare Santos Cardoso<\/td><td>Ia\u00e7\u00fa<\/td><\/tr><tr><td>79<\/td><td>Sara Ribeiro dos Santos<\/td><td>Teol\u00e2ndia Rural<\/td><\/tr><tr><td>80<\/td><td>Silvonei da Silva Capel\u00e3o<\/td><td>Uba\u00edra Rural<\/td><\/tr><tr><td>81<\/td><td>Thaiane da Silva Froes<\/td><td>Lajedo do Tabocal Rural<\/td><\/tr><tr><td>82<\/td><td>Thaissa Soares Oliveira<\/td><td>Itapetinga<\/td><\/tr><tr><td>83<\/td><td>Thayn\u00e1 Rodrigues de Ara\u00fajo<\/td><td>Brej\u00f5es Rural<\/td><\/tr><tr><td>84<\/td><td>Tiago Dantas dos Santos<\/td><td>Muniz Ferreira<\/td><\/tr><tr><td>85<\/td><td>Vagner da Silva Santana<\/td><td>Marcion\u00edlio Souza<\/td><\/tr><tr><td>86<\/td><td>Valdice dos Santos Oliveira<\/td><td>Uba\u00edra Rural<\/td><\/tr><tr><td>87<\/td><td>Vit\u00f3ria Brito Santos<\/td><td>Itaberaba<\/td><\/tr><tr><td>88<\/td><td>Viviane Guedes dos Santos<\/td><td>Uba\u00edra Rural<\/td><\/tr><tr><td>89<\/td><td>Wesley Rodrigues Santos<\/td><td>Valen\u00e7a<\/td><\/tr><\/tbody><\/table><\/figure>\n\n\n\n<p><a href=\"https:\/\/www.ifbaiano.edu.br\/unidades\/santaines\/files\/2021\/05\/NOTA-INFORMATIVA-AUXILIO-MORADIA-2020.pdf\">Veja documento (Nota Informativa) em PDF<\/a><\/p>\n\n\n\n<hr class=\"wp-block-separator\" \/>\n\n\n\n<p>Veja tamb\u00e9m: <a href=\"https:\/\/www.ifbaiano.edu.br\/unidades\/santaines\/campus-santa-ines-publica-informativo-sobre-auxilio-estudantil\/\">Campus Santa In\u00eas publica Informativo sobre Aux\u00edlio Estudantil<\/a><\/p>\n\n\n\n<p> <\/p>\n\n\n\n<p><\/p>\n","protected":false},"excerpt":{"rendered":"<p>.<\/p>\n","protected":false},"author":86,"featured_media":0,"comment_status":"closed","ping_status":"closed","sticky":false,"template":"","format":"standard","meta":[],"categories":[4,7,57],"tags":[],"_links":{"self":[{"href":"https:\/\/www.ifbaiano.edu.br\/unidades\/santaines\/wp-json\/wp\/v2\/posts\/15004"}],"collection":[{"href":"https:\/\/www.ifbaiano.edu.br\/unidades\/santaines\/wp-json\/wp\/v2\/posts"}],"about":[{"href":"https:\/\/www.ifbaiano.edu.br\/unidades\/santaines\/wp-json\/wp\/v2\/types\/post"}],"author":[{"embeddable":true,"href":"https:\/\/www.ifbaiano.edu.br\/unidades\/santaines\/wp-json\/wp\/v2\/users\/86"}],"replies":[{"embeddable":true,"href":"https:\/\/www.ifbaiano.edu.br\/unidades\/santaines\/wp-json\/wp\/v2\/comments?post=15004"}],"version-history":[{"count":3,"href":"https:\/\/www.ifbaiano.edu.br\/unidades\/santaines\/wp-json\/wp\/v2\/posts\/15004\/revisions"}],"predecessor-version":[{"id":15021,"href":"https:\/\/www.ifbaiano.edu.br\/unidades\/santaines\/wp-json\/wp\/v2\/posts\/15004\/revisions\/15021"}],"wp:attachment":[{"href":"https:\/\/www.ifbaiano.edu.br\/unidades\/santaines\/wp-json\/wp\/v2\/media?parent=15004"}],"wp:term":[{"taxonomy":"category","embeddable":true,"href":"https:\/\/www.ifbaiano.edu.br\/unidades\/santaines\/wp-json\/wp\/v2\/categories?post=15004"},{"taxonomy":"post_tag","embeddable":true,"href":"https:\/\/www.ifbaiano.edu.br\/unidades\/santaines\/wp-json\/wp\/v2\/tags?post=15004"}],"curies":[{"name":"wp","href":"https:\/\/api.w.org\/{rel}","templated":true}]}}