{"id":15010,"date":"2021-05-12T13:03:01","date_gmt":"2021-05-12T16:03:01","guid":{"rendered":"https:\/\/www.ifbaiano.edu.br\/unidades\/santaines\/?p=15010"},"modified":"2021-05-12T13:03:11","modified_gmt":"2021-05-12T16:03:11","slug":"campus-santa-ines-divulga-cronograma-de-edital-do-paise-2021","status":"publish","type":"post","link":"https:\/\/www.ifbaiano.edu.br\/unidades\/santaines\/campus-santa-ines-divulga-cronograma-de-edital-do-paise-2021\/","title":{"rendered":"Campus Santa In\u00eas divulga cronograma de Edital do PAISE 2021"},"content":{"rendered":"\n<p>O Programa de Assist\u00eancia e Inclus\u00e3o Social do Estudante \u2013 PAISE, integrante da Pol\u00edtica de Assist\u00eancia Estudantil do IF Baiano, visa contribuir para o bem estar biopsicossocial, perman\u00eancia e \u00eaxito nas atividades acad\u00eamicas de estudantes em vulnerabilidade socioecon\u00f4mica. <\/p>\n\n\n\n<p>Considerando as normativas que regem a pol\u00edtica de Assist\u00eancia Estudantil no \u00e2mbito do IF Baiano, foi publicado o <a href=\"https:\/\/www.ifbaiano.edu.br\/unidades\/santaines\/files\/2021\/05\/Edital-PAISE-2021.pdf\">Edital n\u00ba 32\/2021<\/a> que estabelece as normas e crit\u00e9rios para sele\u00e7\u00e3o de estudantes em vulnerabilidade socioecon\u00f4mica, de cursos presenciais e a dist\u00e2ncia, com a finalidade de participa\u00e7\u00e3o nessa Pol\u00edtica, por meio do PAISE.<\/p>\n\n\n\n<p>O Edital prev\u00ea os crit\u00e9rios gerais, os quais devem ser observados. As informa\u00e7\u00f5es espec\u00edficas referentes aos aux\u00edlios disponibilizados pelo Campus Santa In\u00eas est\u00e3o disponibilizadas no <a href=\"https:\/\/www.ifbaiano.edu.br\/unidades\/santaines\/files\/2021\/05\/Cronograma-PAISE-2021.pdf\">cronograma.<\/a><\/p>\n\n\n\n<p>As inscri\u00e7\u00f5es, conforme previs\u00e3o do cronograma, iniciam em 17 de maio e se estendem at\u00e9 o dia 02 de junho. Cada data corresponde ao respectivo aux\u00edlio a seguir:<br>Aux\u00edlio Creche: 17 de maio<br>Aux\u00edlio Perman\u00eancia: 18 de maio<br>Aux\u00edlio Perman\u00eancia: 19 de maio<br>Aux\u00edlio Perman\u00eancia: 20 de maio<br>Aux\u00edlio Proeja: 21 de maio<br>Aux\u00edlio Moradia: 24 de maio<br>Aux\u00edlio Moradia: 25 de maio<br>Aux\u00edlio Moradia: 26 de maio<br>Aux\u00edlio Alimenta\u00e7\u00e3o (Kit Alimenta\u00e7\u00e3o): 27 de maio<br>Aux\u00edlio Alimenta\u00e7\u00e3o (Kit Alimenta\u00e7\u00e3o): 28 de maio<br>Aux\u00edlio C\u00f3pia e Impress\u00e3o: 31 de maio<br>Aux\u00edlio Copia e Impress\u00e3o: 01 de junho<br>Aux\u00edlio Copia e Impress\u00e3o: 02 de junho<\/p>\n\n\n\n<p>O Cronograma tamb\u00e9m traz a observa\u00e7\u00e3o de que o \u00fanico aux\u00edlio acumul\u00e1vel \u00e9 o Aux\u00edlio C\u00f3pia e Impress\u00e3o. Quem se inscrever em dois aux\u00edlios n\u00e3o acumul\u00e1veis ser\u00e1 eliminado do processo seletivo do Paise 2021.<\/p>\n\n\n\n<p>Para se inscrever o(a) candidato(a) deve encaminhar para o e-mail clae.ifsi@gmail.com, das 8h \u00e0s 17h do respectivo dia da inscri\u00e7\u00e3o, a imagem dos documentos:<br>Espelho do CAD \u00danico<br>CPF<br>Conta<br>Comprovante de Matr\u00edcula<br>Comprovante de origem de escola p\u00fablica \u2013 Opcional (crit\u00e9rio de desempate)<br>Contrato de Aluguel \u2013 Aux\u00edlio Moradia<br>Certid\u00e3o de Nascimento ou Laudo M\u00e9dio \u2013 Aux\u00edlio Creche<\/p>\n\n\n\n<p>As inscri\u00e7\u00f5es ser\u00e3o realizadas, exclusivamente, por e-mail\u00a0clae.ifsi@gmail.com conforme orientado acima. <\/p>\n\n\n\n<p>No entanto, o envio das notas fiscais do Aux\u00edlio Equipamento, bem como, encaminhamento de d\u00favidas diversas, devem ser enviadas, exclusivamente, para o e-mail\u00a0clae@si.ifbaiano.edu.br.<\/p>\n\n\n\n<hr class=\"wp-block-separator\" \/>\n\n\n\n<p><br><\/p>\n","protected":false},"excerpt":{"rendered":"<p>As inscri\u00e7\u00f5es iniciam no dia17 de maio. \u00c9 imprescind\u00edvel a observa\u00e7\u00e3o da data do respectivo aux\u00edlio <\/p>\n","protected":false},"author":86,"featured_media":13202,"comment_status":"closed","ping_status":"closed","sticky":false,"template":"","format":"standard","meta":[],"categories":[4,5,8,57],"tags":[],"_links":{"self":[{"href":"https:\/\/www.ifbaiano.edu.br\/unidades\/santaines\/wp-json\/wp\/v2\/posts\/15010"}],"collection":[{"href":"https:\/\/www.ifbaiano.edu.br\/unidades\/santaines\/wp-json\/wp\/v2\/posts"}],"about":[{"href":"https:\/\/www.ifbaiano.edu.br\/unidades\/santaines\/wp-json\/wp\/v2\/types\/post"}],"author":[{"embeddable":true,"href":"https:\/\/www.ifbaiano.edu.br\/unidades\/santaines\/wp-json\/wp\/v2\/users\/86"}],"replies":[{"embeddable":true,"href":"https:\/\/www.ifbaiano.edu.br\/unidades\/santaines\/wp-json\/wp\/v2\/comments?post=15010"}],"version-history":[{"count":1,"href":"https:\/\/www.ifbaiano.edu.br\/unidades\/santaines\/wp-json\/wp\/v2\/posts\/15010\/revisions"}],"predecessor-version":[{"id":15013,"href":"https:\/\/www.ifbaiano.edu.br\/unidades\/santaines\/wp-json\/wp\/v2\/posts\/15010\/revisions\/15013"}],"wp:featuredmedia":[{"embeddable":true,"href":"https:\/\/www.ifbaiano.edu.br\/unidades\/santaines\/wp-json\/wp\/v2\/media\/13202"}],"wp:attachment":[{"href":"https:\/\/www.ifbaiano.edu.br\/unidades\/santaines\/wp-json\/wp\/v2\/media?parent=15010"}],"wp:term":[{"taxonomy":"category","embeddable":true,"href":"https:\/\/www.ifbaiano.edu.br\/unidades\/santaines\/wp-json\/wp\/v2\/categories?post=15010"},{"taxonomy":"post_tag","embeddable":true,"href":"https:\/\/www.ifbaiano.edu.br\/unidades\/santaines\/wp-json\/wp\/v2\/tags?post=15010"}],"curies":[{"name":"wp","href":"https:\/\/api.w.org\/{rel}","templated":true}]}}