{"id":15014,"date":"2021-05-12T22:32:30","date_gmt":"2021-05-13T01:32:30","guid":{"rendered":"https:\/\/www.ifbaiano.edu.br\/unidades\/santaines\/?p=15014"},"modified":"2021-05-12T22:32:42","modified_gmt":"2021-05-13T01:32:42","slug":"sisu-2021-1-2a-chamada-da-lista-de-espera-convocacao-para-matricula","status":"publish","type":"post","link":"https:\/\/www.ifbaiano.edu.br\/unidades\/santaines\/sisu-2021-1-2a-chamada-da-lista-de-espera-convocacao-para-matricula\/","title":{"rendered":"SISU 2021.1 \u2013 2\u00aa Chamada da Lista de Espera \u2013 Convoca\u00e7\u00e3o para Matr\u00edcula"},"content":{"rendered":"\n<p>O\u00a0<a href=\"https:\/\/concurso.ifbaiano.edu.br\/portal\/sisu2021\/wp-content\/uploads\/sites\/382\/2021\/04\/Edital-n%C2%BA-37-Convoca%C3%A7%C3%A3o-para-o-Preenchimento-de-Vagas-da-Lista-de-Espera-%E2%80%93-SiSU-2021.pdf\">Edital n\u00ba 37\/2021<\/a>, publicado pelo IF Baiano, no dia 30 de abril, de convoca\u00e7\u00e3o para o preenchimento de vagas da lista de espera \u2013 Sistema de Sele\u00e7\u00e3o Unificado \u2013 SISU\/2021.1 j\u00e1 previa a publica\u00e7\u00e3o da segunda lista de espera para hoje (12). Os candidatos convocados na segunda chamada da lista de espera do SISU devem efetuar a matr\u00edcula nos cursos superiores do Instituto Federal Baiano \u2013 Campus Santa In\u00eas no per\u00edodo de 13 a 17 de maio. A rela\u00e7\u00e3o de candidatos convocados para a\u00a0<a href=\"https:\/\/www.ifbaiano.edu.br\/unidades\/santaines\/files\/2021\/05\/2a-Chamada-da-Lista-de-Espera-Santa-Ines.pdf\">2\u00b0 Chamada da Lista de Espera<\/a>\u00a0j\u00e1 se encontra na\u00a0<a href=\"https:\/\/concurso.ifbaiano.edu.br\/portal\/sisu2021\/\">P\u00e1gina do Certame<\/a>.<\/p>\n\n\n\n<p>Para realizar a matr\u00edcula, os candidatos convocados devem acessar o formul\u00e1rio de inscri\u00e7\u00e3o para matr\u00edcula dispon\u00edvel na p\u00e1gina:&nbsp;<a href=\"https:\/\/concurso.ifbaiano.edu.br\/portal\/sisu2021\/\">sisu.ifbaiano.edu.br<\/a>, preencher todas as informa\u00e7\u00f5es solicitadas, finalizar e imprimir o formul\u00e1rio gerado, assinado todas as p\u00e1ginas no canto inferior direito. Depois, \u00e9 necess\u00e1rio encaminhar o formul\u00e1rio devidamente assinado para o e-mail&nbsp;<a href=\"mailto:prosel.ines@ifbaiano.edu.br\">prosel.ines@ifbaiano.edu.br<\/a>, junto com os demais documentos, de acordo com tipo de vaga escolhido no momento da inscri\u00e7\u00e3o no SISU.<\/p>\n\n\n\n<p>Ap\u00f3s o retorno presencial das atividades, a Secretaria de Registros Acad\u00eamicos (SRA) far\u00e1 uma convoca\u00e7\u00e3o para apresenta\u00e7\u00e3o dos documentos originais.<\/p>\n\n\n\n<p>D\u00favidas e\/ou informa\u00e7\u00f5es sobre SISU dever\u00e3o ser encaminhadas para o e-mail prosel.ines@ifbaiano.edu.br\u00a0<a href=\"mailto:prosel.ines@ifbaiano.edu.br\">prosel.ines@ifbaiano.edu.br<\/a>.<\/p>\n\n\n\n<hr class=\"wp-block-separator\" \/>\n\n\n\n<hr class=\"wp-block-separator is-style-dots\" \/>\n","protected":false},"excerpt":{"rendered":"<p>As matr\u00edculas acontecem de 13 a 17 de maio de 2021<\/p>\n","protected":false},"author":86,"featured_media":14739,"comment_status":"closed","ping_status":"closed","sticky":false,"template":"","format":"standard","meta":[],"categories":[4,5,57],"tags":[],"_links":{"self":[{"href":"https:\/\/www.ifbaiano.edu.br\/unidades\/santaines\/wp-json\/wp\/v2\/posts\/15014"}],"collection":[{"href":"https:\/\/www.ifbaiano.edu.br\/unidades\/santaines\/wp-json\/wp\/v2\/posts"}],"about":[{"href":"https:\/\/www.ifbaiano.edu.br\/unidades\/santaines\/wp-json\/wp\/v2\/types\/post"}],"author":[{"embeddable":true,"href":"https:\/\/www.ifbaiano.edu.br\/unidades\/santaines\/wp-json\/wp\/v2\/users\/86"}],"replies":[{"embeddable":true,"href":"https:\/\/www.ifbaiano.edu.br\/unidades\/santaines\/wp-json\/wp\/v2\/comments?post=15014"}],"version-history":[{"count":1,"href":"https:\/\/www.ifbaiano.edu.br\/unidades\/santaines\/wp-json\/wp\/v2\/posts\/15014\/revisions"}],"predecessor-version":[{"id":15016,"href":"https:\/\/www.ifbaiano.edu.br\/unidades\/santaines\/wp-json\/wp\/v2\/posts\/15014\/revisions\/15016"}],"wp:featuredmedia":[{"embeddable":true,"href":"https:\/\/www.ifbaiano.edu.br\/unidades\/santaines\/wp-json\/wp\/v2\/media\/14739"}],"wp:attachment":[{"href":"https:\/\/www.ifbaiano.edu.br\/unidades\/santaines\/wp-json\/wp\/v2\/media?parent=15014"}],"wp:term":[{"taxonomy":"category","embeddable":true,"href":"https:\/\/www.ifbaiano.edu.br\/unidades\/santaines\/wp-json\/wp\/v2\/categories?post=15014"},{"taxonomy":"post_tag","embeddable":true,"href":"https:\/\/www.ifbaiano.edu.br\/unidades\/santaines\/wp-json\/wp\/v2\/tags?post=15014"}],"curies":[{"name":"wp","href":"https:\/\/api.w.org\/{rel}","templated":true}]}}