{"id":15031,"date":"2021-05-18T16:52:22","date_gmt":"2021-05-18T19:52:22","guid":{"rendered":"https:\/\/www.ifbaiano.edu.br\/unidades\/santaines\/?p=15031"},"modified":"2021-05-19T17:47:03","modified_gmt":"2021-05-19T20:47:03","slug":"inscricoes-para-o-famif-digital-encerram-amanha","status":"publish","type":"post","link":"https:\/\/www.ifbaiano.edu.br\/unidades\/santaines\/inscricoes-para-o-famif-digital-encerram-amanha\/","title":{"rendered":"Inscri\u00e7\u00f5es para o Famif Digital encerram nesta quarta-feira"},"content":{"rendered":"\n<p>As inscri\u00e7\u00f5es para o Festival de Arte e M\u00fasica do IF Baiano (Famif Baiano Digital) encerram nesta quarta-feira (19). O evento ser\u00e1 totalmente on-line e para se inscrever basta preencher ao formul\u00e1rio de inscri\u00e7\u00e3o, gravar o v\u00eddeo da apresenta\u00e7\u00e3o, tirar uma selfie com o RG ao lado do rosto para autentica\u00e7\u00e3o da identidade e enviar tudo para o e-mail&nbsp;<a href=\"mailto:famifbaianodigital@gmail.com\">famifbaianodigital@gmail.com<\/a>. \u00c9 importante que quem deseja participar fique atento ao prazo, pois esta \u00e9 a \u00faltima chamada para participa\u00e7\u00e3o no evento que j\u00e1 teve inscri\u00e7\u00f5es prorrogadas em dez dias.<\/p>\n\n\n\n<p>Os inscritos ir\u00e3o concorrer nas categorias musical autoral, interpreta\u00e7\u00e3o musical n\u00e3o autoral, m\u00fasica instrumental, declama\u00e7\u00e3o de poema ou poesia autoral, teatro,&nbsp;<em>stand up comedy<\/em>&nbsp;ou arte circense, dan\u00e7a e artes visuais. Eles podem se apresentar individualmente ou em dupla e grupo.<\/p>\n\n\n\n<p>Nesta edi\u00e7\u00e3o virtual, o Festival de Arte e M\u00fasica do IF Baiano (Famif) ocorrer\u00e1 em duas etapas. A primeira etapa, de 31 de maio a 6 de junho, consistir\u00e1 numa vota\u00e7\u00e3o aberta dos v\u00eddeos de apresenta\u00e7\u00f5es pr\u00e9-selecionados. Para assistir e votar nas apresenta\u00e7\u00f5es, o p\u00fablico dever\u00e1 acessar perfil @famifbaiano no Instagram e seguir as instru\u00e7\u00f5es da p\u00e1gina.<\/p>\n\n\n\n<p>Na segunda fase, marcada para o dia 18 de junho, o p\u00fablico ir\u00e1 conhecer as apresenta\u00e7\u00f5es vencedoras e acompanhar\u00e1 as premia\u00e7\u00f5es.<\/p>\n\n\n\n<p>Confira mais uma vez o passo a passo para inscri\u00e7\u00e3o:<br><br>\u2013 Acesse o&nbsp;<a href=\"https:\/\/concurso.ifbaiano.edu.br\/portal\/famif-2021\/wp-content\/uploads\/sites\/389\/2021\/04\/Edital-n%C2%BA-21-FAMIF-2021.pdf\">Edital aqui<\/a>;<br>\u2013 Preencha o&nbsp;<a href=\"https:\/\/concurso.ifbaiano.edu.br\/portal\/famif-2021\/wp-content\/uploads\/sites\/389\/2021\/04\/Anexo-I-Formul%C3%A1rio-de-Inscri%C3%A7%C3%A3o-Edit%C3%A1vel.odt\">Anexo I<\/a>&nbsp;(Formul\u00e1rio de inscri\u00e7\u00e3o);<br>\u2013 Fa\u00e7a uma selfie do seu rosto ao lado do seu RG;<br>\u2013 Grave o v\u00eddeo da sua apresenta\u00e7\u00e3o de acordo com o regulamento do edital (\u00edtem 09);<br>\u2013 Envie tudo para o email: famifbaianodigital@gmail.com (pode enviar atrav\u00e9s do drive tamb\u00e9m).<br>\u2013 Siga o perfil oficial do Famif&nbsp;<a href=\"https:\/\/www.instagram.com\/famifbaiano\/\">@famifbaiano<\/a>, onde acontecer\u00e3o todas etapas do evento. E em caso de d\u00favidas ou aux\u00edlio na inscri\u00e7\u00e3o, envie mensagem no direct do perfil do Instagram ou no e-mail.<br><br>N\u00e3o perca! Mostre sua Arte!<\/p>\n\n\n\n<h3 class=\"wp-block-heading\">Veja tamb\u00e9m:<\/h3>\n\n\n\n<ul><li><a href=\"https:\/\/ifbaiano.edu.br\/portal\/blog\/famif-2021-prorroga-inscricoes-ate-19-de-maio\/\">Famif 2021 prorroga inscri\u00e7\u00f5es at\u00e9 19 de maio<\/a><\/li><li><a href=\"https:\/\/ifbaiano.edu.br\/portal\/blog\/ultimos-dias-para-se-inscrever-no-famif-2021\/\">\u00daltimos dias para se inscrever no Famif 2021<\/a><\/li><li><a href=\"https:\/\/ifbaiano.edu.br\/portal\/blog\/lancado-edital-do-festival-de-arte-e-musica-do-if-baiano-2021\/\">Lan\u00e7ado edital do Festival de Arte e M\u00fasica do IF\u2026<\/a><\/li><\/ul>\n\n\n\n<hr class=\"wp-block-separator\" \/>\n\n\n\n<p>Mat\u00e9ria ASCOM publicada em: https:\/\/ifbaiano.edu.br\/portal\/blog\/inscricoes-para-o-famif-digital-encerram-amanha\/<\/p>\n","protected":false},"excerpt":{"rendered":"<p>Interessados em inscrever suas apresenta\u00e7\u00f5es devem ler o edital e realizar a inscri\u00e7\u00e3o por e-mail<\/p>\n","protected":false},"author":86,"featured_media":15032,"comment_status":"closed","ping_status":"closed","sticky":false,"template":"","format":"standard","meta":[],"categories":[4,5,57],"tags":[],"_links":{"self":[{"href":"https:\/\/www.ifbaiano.edu.br\/unidades\/santaines\/wp-json\/wp\/v2\/posts\/15031"}],"collection":[{"href":"https:\/\/www.ifbaiano.edu.br\/unidades\/santaines\/wp-json\/wp\/v2\/posts"}],"about":[{"href":"https:\/\/www.ifbaiano.edu.br\/unidades\/santaines\/wp-json\/wp\/v2\/types\/post"}],"author":[{"embeddable":true,"href":"https:\/\/www.ifbaiano.edu.br\/unidades\/santaines\/wp-json\/wp\/v2\/users\/86"}],"replies":[{"embeddable":true,"href":"https:\/\/www.ifbaiano.edu.br\/unidades\/santaines\/wp-json\/wp\/v2\/comments?post=15031"}],"version-history":[{"count":2,"href":"https:\/\/www.ifbaiano.edu.br\/unidades\/santaines\/wp-json\/wp\/v2\/posts\/15031\/revisions"}],"predecessor-version":[{"id":15037,"href":"https:\/\/www.ifbaiano.edu.br\/unidades\/santaines\/wp-json\/wp\/v2\/posts\/15031\/revisions\/15037"}],"wp:featuredmedia":[{"embeddable":true,"href":"https:\/\/www.ifbaiano.edu.br\/unidades\/santaines\/wp-json\/wp\/v2\/media\/15032"}],"wp:attachment":[{"href":"https:\/\/www.ifbaiano.edu.br\/unidades\/santaines\/wp-json\/wp\/v2\/media?parent=15031"}],"wp:term":[{"taxonomy":"category","embeddable":true,"href":"https:\/\/www.ifbaiano.edu.br\/unidades\/santaines\/wp-json\/wp\/v2\/categories?post=15031"},{"taxonomy":"post_tag","embeddable":true,"href":"https:\/\/www.ifbaiano.edu.br\/unidades\/santaines\/wp-json\/wp\/v2\/tags?post=15031"}],"curies":[{"name":"wp","href":"https:\/\/api.w.org\/{rel}","templated":true}]}}