{"id":15038,"date":"2021-05-20T20:33:03","date_gmt":"2021-05-20T23:33:03","guid":{"rendered":"https:\/\/www.ifbaiano.edu.br\/unidades\/santaines\/?p=15038"},"modified":"2021-05-20T20:37:02","modified_gmt":"2021-05-20T23:37:02","slug":"sisu-2021-1-3a-chamada-da-lista-de-espera-convocacao-para-matricula","status":"publish","type":"post","link":"https:\/\/www.ifbaiano.edu.br\/unidades\/santaines\/sisu-2021-1-3a-chamada-da-lista-de-espera-convocacao-para-matricula\/","title":{"rendered":"SISU 2021.1 \u2013 3\u00aa Chamada da Lista de Espera \u2013 Convoca\u00e7\u00e3o para Matr\u00edcula"},"content":{"rendered":"\n<p id=\"block-c65a97d4-5ef8-438f-8958-7f5c362bb93e\">IF Baiano publica novo Edital e convoca os(as) candidatos(as) inscritos na lista de espera do Sisu 2021.1, que utilizar\u00e1 o Sistema de Sele\u00e7\u00e3o Unificada (SiSU), instru\u00eddo pelo Edital n\u00ba 09, de 11 de mar\u00e7o de 2021.1, para matr\u00edcula em ordem de chamada.<\/p>\n\n\n\n<p id=\"block-c65a97d4-5ef8-438f-8958-7f5c362bb93e\">\u00c9 imprescind\u00edvel que os(as) candidatos(as) leiam o <a href=\"https:\/\/www.ifbaiano.edu.br\/unidades\/santaines\/files\/2021\/05\/Edital-no-47-de-19-de-maio-de-2021.pdf\">Edital n\u00ba 47\/2021<\/a>, publicado pelo IF Baiano, pois no mesmo cont\u00e9m todas as informa\u00e7\u00f5es e procedimentos sobre a matr\u00edcula. <\/p>\n\n\n\n<p id=\"block-c65a97d4-5ef8-438f-8958-7f5c362bb93e\">O Edital prev\u00ea que havendo vagas em aberto ap\u00f3s a realiza\u00e7\u00e3o da Terceira Chamada de Lista de Espera, o IF Baiano poder\u00e1 promover, por discricionariedade, novas convoca\u00e7\u00f5es, atendendo a ordem de classifica\u00e7\u00e3o dos(as) candidatos(as) e a reserva de vagas.<\/p>\n\n\n\n<p>Os candidatos convocados na terceira chamada da lista de espera do SISU devem efetuar a matr\u00edcula nos <a href=\"https:\/\/www.ifbaiano.edu.br\/unidades\/santaines\/cursos-de-graduacao\/\">cursos superiores do Instituto Federal Baiano \u2013 Campus Santa In\u00eas<\/a> no per\u00edodo de 21 a 25 de maio de 2021. A rela\u00e7\u00e3o de <a href=\"https:\/\/www.ifbaiano.edu.br\/unidades\/santaines\/files\/2021\/05\/3a-Chamada-da-Lista-de-Espera.pdf\">candidatos convocados para a&nbsp;3\u00aa Chamada da Lista de Espera<\/a>&nbsp;j\u00e1 se encontra na&nbsp;<a href=\"https:\/\/concurso.ifbaiano.edu.br\/portal\/sisu2021\/\">P\u00e1gina do Certame<\/a>.<\/p>\n\n\n\n<p id=\"block-6bd3a458-8c58-44bc-80f5-269e85bfef91\">Para realizar a matr\u00edcula, os candidatos convocados devem acessar o formul\u00e1rio de inscri\u00e7\u00e3o para matr\u00edcula dispon\u00edvel na p\u00e1gina:&nbsp;<a href=\"https:\/\/concurso.ifbaiano.edu.br\/portal\/sisu2021\/\">sisu.ifbaiano.edu.br<\/a>, preencher todas as informa\u00e7\u00f5es solicitadas, finalizar e imprimir o formul\u00e1rio gerado, assinado todas as p\u00e1ginas no canto inferior direito. Depois, \u00e9 necess\u00e1rio encaminhar o formul\u00e1rio devidamente assinado para o e-mail&nbsp;<a href=\"mailto:prosel.ines@ifbaiano.edu.br\">prosel.ines@ifbaiano.edu.br<\/a>, junto com os demais documentos, de acordo com tipo de vaga escolhido no momento da inscri\u00e7\u00e3o no SISU.<\/p>\n\n\n\n<p id=\"block-ad068620-10fc-460f-9d87-579559c7df46\">Ap\u00f3s o retorno presencial das atividades, a Secretaria de Registros Acad\u00eamicos (SRA) far\u00e1 uma convoca\u00e7\u00e3o para apresenta\u00e7\u00e3o dos documentos originais.<\/p>\n\n\n\n<p id=\"block-d3c95965-2b44-4090-92c5-3141ad19bfc2\">D\u00favidas e\/ou informa\u00e7\u00f5es sobre SISU dever\u00e3o ser encaminhadas para o e-mail prosel.ines@ifbaiano.edu.br&nbsp;<a href=\"mailto:prosel.ines@ifbaiano.edu.br\">prosel.ines@ifbaiano.edu.br<\/a>.<\/p>\n\n\n\n<hr class=\"wp-block-separator\" \/>\n\n\n\n<p><\/p>\n","protected":false},"excerpt":{"rendered":"<p>As matr\u00edculas devem ser realizadas no per\u00edodo de 21 a 25 de maio<\/p>\n","protected":false},"author":86,"featured_media":14739,"comment_status":"closed","ping_status":"closed","sticky":false,"template":"","format":"standard","meta":[],"categories":[4,12,5,8,57],"tags":[],"_links":{"self":[{"href":"https:\/\/www.ifbaiano.edu.br\/unidades\/santaines\/wp-json\/wp\/v2\/posts\/15038"}],"collection":[{"href":"https:\/\/www.ifbaiano.edu.br\/unidades\/santaines\/wp-json\/wp\/v2\/posts"}],"about":[{"href":"https:\/\/www.ifbaiano.edu.br\/unidades\/santaines\/wp-json\/wp\/v2\/types\/post"}],"author":[{"embeddable":true,"href":"https:\/\/www.ifbaiano.edu.br\/unidades\/santaines\/wp-json\/wp\/v2\/users\/86"}],"replies":[{"embeddable":true,"href":"https:\/\/www.ifbaiano.edu.br\/unidades\/santaines\/wp-json\/wp\/v2\/comments?post=15038"}],"version-history":[{"count":1,"href":"https:\/\/www.ifbaiano.edu.br\/unidades\/santaines\/wp-json\/wp\/v2\/posts\/15038\/revisions"}],"predecessor-version":[{"id":15041,"href":"https:\/\/www.ifbaiano.edu.br\/unidades\/santaines\/wp-json\/wp\/v2\/posts\/15038\/revisions\/15041"}],"wp:featuredmedia":[{"embeddable":true,"href":"https:\/\/www.ifbaiano.edu.br\/unidades\/santaines\/wp-json\/wp\/v2\/media\/14739"}],"wp:attachment":[{"href":"https:\/\/www.ifbaiano.edu.br\/unidades\/santaines\/wp-json\/wp\/v2\/media?parent=15038"}],"wp:term":[{"taxonomy":"category","embeddable":true,"href":"https:\/\/www.ifbaiano.edu.br\/unidades\/santaines\/wp-json\/wp\/v2\/categories?post=15038"},{"taxonomy":"post_tag","embeddable":true,"href":"https:\/\/www.ifbaiano.edu.br\/unidades\/santaines\/wp-json\/wp\/v2\/tags?post=15038"}],"curies":[{"name":"wp","href":"https:\/\/api.w.org\/{rel}","templated":true}]}}