{"id":15042,"date":"2021-05-24T20:32:52","date_gmt":"2021-05-24T23:32:52","guid":{"rendered":"https:\/\/www.ifbaiano.edu.br\/unidades\/santaines\/?p=15042"},"modified":"2021-05-24T20:33:03","modified_gmt":"2021-05-24T23:33:03","slug":"proex-divulga-lista-de-apresentacoes-selecionadas-para-o-famif-2021","status":"publish","type":"post","link":"https:\/\/www.ifbaiano.edu.br\/unidades\/santaines\/proex-divulga-lista-de-apresentacoes-selecionadas-para-o-famif-2021\/","title":{"rendered":"Proex divulga lista de apresenta\u00e7\u00f5es selecionadas para o Famif 2021"},"content":{"rendered":"\n<p>A Pr\u00f3-reitoria de Extens\u00e3o (Proex) divulgou nesta quinta-feira, 20, a lista preliminar de apresenta\u00e7\u00f5es art\u00edsticas selecionadas para o Festival de Arte e M\u00fasica do IF Baiano.&nbsp; Ao todo, 41 inscri\u00e7\u00f5es foram classificadas, com representantes de 13&nbsp;<em>campi&nbsp;<\/em>e reitoria do IF Baiano, e seguem para a pr\u00f3xima fase da competi\u00e7\u00e3o, a vota\u00e7\u00e3o popular.&nbsp;<\/p>\n\n\n\n<p>Candidatos que tenham alguma discord\u00e2ncia quanto ao resultado preliminar t\u00eam at\u00e9 hoje, 21, para interpor recurso junto a comiss\u00e3o organizadora do evento. A lista definitiva ser\u00e1 publicada na pr\u00f3xima segunda-feira, 24 de maio.&nbsp;<\/p>\n\n\n\n<p><strong><a href=\"https:\/\/concurso.ifbaiano.edu.br\/portal\/famif-2021\/wp-content\/uploads\/sites\/389\/2021\/05\/Lista-das-apresentacoes-selecionadas-para-o-FAMIFBAIANO-DIGITAL.pdf\" target=\"_blank\" rel=\"noreferrer noopener\">Consulte a rela\u00e7\u00e3o preliminar<\/a>&nbsp;<\/strong><\/p>\n\n\n\n<p>O per\u00edodo de vota\u00e7\u00e3o do p\u00fablico ser\u00e1 de 31 de maio a 06 de junho. Para escolher sua apresenta\u00e7\u00e3o favorita, o p\u00fablico dever\u00e1 assistir os v\u00eddeos das apresenta\u00e7\u00f5es publicados no perfil&nbsp;<a href=\"https:\/\/www.instagram.com\/famifbaiano\/\" target=\"_blank\" rel=\"noreferrer noopener\"><strong>@famifbaiano<\/strong><\/a>&nbsp;na plataforma&nbsp;<em>Instagram<\/em>, seguindo as instru\u00e7\u00f5es da p\u00e1gina.<\/p>\n\n\n\n<p>Devido a altera\u00e7\u00f5es no cronograma, a segunda fase do evento, de exibi\u00e7\u00e3o e premia\u00e7\u00e3o das apresenta\u00e7\u00f5es vencedoras, antes marcada para 18 de junho, agora ser\u00e1 realizada no dia 11 de junho.&nbsp;<\/p>\n\n\n\n<p><strong><a href=\"https:\/\/concurso.ifbaiano.edu.br\/portal\/famif-2021\/\" target=\"_blank\" rel=\"noreferrer noopener\">Saiba mais sobre o festival<\/a><\/strong><\/p>\n\n\n\n<p>D\u00favidas poder\u00e3o ser enviadas para o e-mail\u00a0<em>famifbaianodigital@gmail.com<\/em>\u00a0ou via mensagem direta no perfil\u00a0<a rel=\"noreferrer noopener\" href=\"https:\/\/www.instagram.com\/famifbaiano\/\" target=\"_blank\"><strong>@famifbaiano<\/strong><\/a>\u00a0no\u00a0<em>Instagram<\/em>.<\/p>\n\n\n\n<hr class=\"wp-block-separator\" \/>\n\n\n\n<p>Mat\u00e9ria ASCOM publicada em: https:\/\/ifbaiano.edu.br\/portal\/blog\/proex-divulga-lista-de-apresentacoes-selecionadas-para-o-famif-2021\/<\/p>\n","protected":false},"excerpt":{"rendered":"<p>.<\/p>\n","protected":false},"author":86,"featured_media":15032,"comment_status":"closed","ping_status":"closed","sticky":false,"template":"","format":"standard","meta":[],"categories":[4,38,5,57],"tags":[],"_links":{"self":[{"href":"https:\/\/www.ifbaiano.edu.br\/unidades\/santaines\/wp-json\/wp\/v2\/posts\/15042"}],"collection":[{"href":"https:\/\/www.ifbaiano.edu.br\/unidades\/santaines\/wp-json\/wp\/v2\/posts"}],"about":[{"href":"https:\/\/www.ifbaiano.edu.br\/unidades\/santaines\/wp-json\/wp\/v2\/types\/post"}],"author":[{"embeddable":true,"href":"https:\/\/www.ifbaiano.edu.br\/unidades\/santaines\/wp-json\/wp\/v2\/users\/86"}],"replies":[{"embeddable":true,"href":"https:\/\/www.ifbaiano.edu.br\/unidades\/santaines\/wp-json\/wp\/v2\/comments?post=15042"}],"version-history":[{"count":1,"href":"https:\/\/www.ifbaiano.edu.br\/unidades\/santaines\/wp-json\/wp\/v2\/posts\/15042\/revisions"}],"predecessor-version":[{"id":15043,"href":"https:\/\/www.ifbaiano.edu.br\/unidades\/santaines\/wp-json\/wp\/v2\/posts\/15042\/revisions\/15043"}],"wp:featuredmedia":[{"embeddable":true,"href":"https:\/\/www.ifbaiano.edu.br\/unidades\/santaines\/wp-json\/wp\/v2\/media\/15032"}],"wp:attachment":[{"href":"https:\/\/www.ifbaiano.edu.br\/unidades\/santaines\/wp-json\/wp\/v2\/media?parent=15042"}],"wp:term":[{"taxonomy":"category","embeddable":true,"href":"https:\/\/www.ifbaiano.edu.br\/unidades\/santaines\/wp-json\/wp\/v2\/categories?post=15042"},{"taxonomy":"post_tag","embeddable":true,"href":"https:\/\/www.ifbaiano.edu.br\/unidades\/santaines\/wp-json\/wp\/v2\/tags?post=15042"}],"curies":[{"name":"wp","href":"https:\/\/api.w.org\/{rel}","templated":true}]}}