{"id":1508,"date":"2012-03-27T15:53:01","date_gmt":"2012-03-27T18:53:01","guid":{"rendered":"http:\/\/www.ifbaiano.edu.br\/unidades\/santaines\/?p=1508"},"modified":"2012-03-27T15:53:01","modified_gmt":"2012-03-27T18:53:01","slug":"entrevista-das-vagas-remanescentes-dos-cursos-integrados-agropecuaria-e-proeja","status":"publish","type":"post","link":"https:\/\/www.ifbaiano.edu.br\/unidades\/santaines\/entrevista-das-vagas-remanescentes-dos-cursos-integrados-agropecuaria-e-proeja\/","title":{"rendered":"Entrevista das vagas remanescentes dos cursos integrados (Agropecu\u00e1ria) e Proeja"},"content":{"rendered":"<p style=\"text-align: justify\">Os candidatos aprovados nos cursos t\u00e9cnico integrado em Agropecu\u00e1ria e Proeja j\u00e1 podem conferir a data das entrevistas, \u00e0 ser realizada pela Comiss\u00e3o do IF Baiano \u2013 Campus Santa In\u00eas. Os candidatos do curso de Agropecu\u00e1ria receber\u00e3o a visita no dia 29\/03\/12, enquanto que os do Proeja ser\u00e1 no dia 02\/04\/12. Confira maiores detalhes como data e cidades nos documentos abaixo:<\/p>\n<p style=\"text-align: justify\"><a href=\"http:\/\/www.ifbaiano.edu.br\/unidades\/santaines\/files\/2012\/03\/TeCNICO-INTEGRADO-EM-AGROPECUaRIA-ENTREVISTA.pdf\" target=\"_blank\">T\u00c9CNICO INTEGRADO EM AGROPECU\u00c1RIA &#8211; ENTREVISTA<\/a><\/p>\n<p style=\"text-align: justify\"><a href=\"http:\/\/www.ifbaiano.edu.br\/unidades\/santaines\/files\/2012\/03\/TeCNICO-INTEGRADO-EM-AGROPECUaRIA-PROEJA-ENTREVISTA.pdf\">T\u00c9CNICO INTEGRADO EM AGROPECU\u00c1RIA PROEJA &#8211; ENTREVISTA<\/a><\/p>\n","protected":false},"excerpt":{"rendered":"<p>Os candidatos aprovados nos cursos t\u00e9cnico integrado em Agropecu\u00e1ria e Proeja j\u00e1 podem conferir a data das entrevistas, \u00e0 ser realizada pela Comiss\u00e3o do IF Baiano \u2013 Campus Santa In\u00eas. Os candidatos do curso de Agropecu\u00e1ria receber\u00e3o a visita no dia 29\/03\/12, enquanto que os do Proeja ser\u00e1 no dia 02\/04\/12. Confira maiores detalhes como [&hellip;]<\/p>\n","protected":false},"author":26,"featured_media":0,"comment_status":"closed","ping_status":"closed","sticky":false,"template":"","format":"standard","meta":[],"categories":[10],"tags":[],"_links":{"self":[{"href":"https:\/\/www.ifbaiano.edu.br\/unidades\/santaines\/wp-json\/wp\/v2\/posts\/1508"}],"collection":[{"href":"https:\/\/www.ifbaiano.edu.br\/unidades\/santaines\/wp-json\/wp\/v2\/posts"}],"about":[{"href":"https:\/\/www.ifbaiano.edu.br\/unidades\/santaines\/wp-json\/wp\/v2\/types\/post"}],"author":[{"embeddable":true,"href":"https:\/\/www.ifbaiano.edu.br\/unidades\/santaines\/wp-json\/wp\/v2\/users\/26"}],"replies":[{"embeddable":true,"href":"https:\/\/www.ifbaiano.edu.br\/unidades\/santaines\/wp-json\/wp\/v2\/comments?post=1508"}],"version-history":[{"count":2,"href":"https:\/\/www.ifbaiano.edu.br\/unidades\/santaines\/wp-json\/wp\/v2\/posts\/1508\/revisions"}],"predecessor-version":[{"id":1512,"href":"https:\/\/www.ifbaiano.edu.br\/unidades\/santaines\/wp-json\/wp\/v2\/posts\/1508\/revisions\/1512"}],"wp:attachment":[{"href":"https:\/\/www.ifbaiano.edu.br\/unidades\/santaines\/wp-json\/wp\/v2\/media?parent=1508"}],"wp:term":[{"taxonomy":"category","embeddable":true,"href":"https:\/\/www.ifbaiano.edu.br\/unidades\/santaines\/wp-json\/wp\/v2\/categories?post=1508"},{"taxonomy":"post_tag","embeddable":true,"href":"https:\/\/www.ifbaiano.edu.br\/unidades\/santaines\/wp-json\/wp\/v2\/tags?post=1508"}],"curies":[{"name":"wp","href":"https:\/\/api.w.org\/{rel}","templated":true}]}}