{"id":15108,"date":"2021-06-01T07:15:13","date_gmt":"2021-06-01T10:15:13","guid":{"rendered":"https:\/\/www.ifbaiano.edu.br\/unidades\/santaines\/?p=15108"},"modified":"2021-06-01T07:15:23","modified_gmt":"2021-06-01T10:15:23","slug":"famif-digital-abre-votacao-popular-ate-o-dia-6-de-junho","status":"publish","type":"post","link":"https:\/\/www.ifbaiano.edu.br\/unidades\/santaines\/famif-digital-abre-votacao-popular-ate-o-dia-6-de-junho\/","title":{"rendered":"Famif Digital abre vota\u00e7\u00e3o popular at\u00e9 o dia 6 de junho"},"content":{"rendered":"\n<p>As apresenta\u00e7\u00f5es do Famif Baiano Digital j\u00e1 est\u00e3o no ar no perfil do&nbsp;<em>Instagram<\/em>&nbsp;do evento,&nbsp;<a href=\"https:\/\/www.instagram.com\/famifbaiano\/\">@famifbaiano<\/a>. A vota\u00e7\u00e3o popular foi aberta na tarde desta segunda-feira (31) e vai at\u00e9 o dia 6 de junho. Para votar em suas apresenta\u00e7\u00f5es favoritas, o p\u00fablico s\u00f3 precisa curtir o post. Neste formato digital, o Famif Baiano n\u00e3o tem um corpo de jurados como na vers\u00e3o anterior, presencial, e o engajamento do p\u00fablico, curtindo e compartilhando, \u00e9 o que vai determinar os vencedores desta edi\u00e7\u00e3o.<\/p>\n\n\n\n<p>Diversas linguagens art\u00edsticas est\u00e3o sendo apresentadas por servidores(as), discentes, egressos, estagi\u00e1rios(as) e terceirizados(as). Ao todo, 41 inscri\u00e7\u00f5es foram classificadas, com representantes de 13&nbsp;<em>campi&nbsp;<\/em>e reitoria do IF Baiano. Os participantes usaram a criatividade ao apresentar, em v\u00eddeos, suas m\u00fasicas, dan\u00e7as, poemas, artes visuais, entre outros.&nbsp;Distantes da comunidade escolar desde mar\u00e7o de 2020, muitos participantes expressaram em sua arte as emo\u00e7\u00f5es vividas durante a pandemia. E ao levar um pouquinho da sua casa e da sua cidade para o p\u00fablico, traduziram o tema do evento: Para estar junto n\u00e3o \u00e9 preciso estar perto.<\/p>\n\n\n\n<p>Para o pr\u00f3-reitor de Extens\u00e3o, Rafael Oliva Trocoli, al\u00e9m de constituir um relevante elemento formativo, contribuindo tamb\u00e9m para perman\u00eancia e \u00eaxito dos discentes, sobretudo nesse per\u00edodo de pandemia, o festival objetiva aproximar toda comunidade do IF Baiano, integrando os 14&nbsp;<em>campi.<\/em>&nbsp;\u201cA etapa de vota\u00e7\u00e3o est\u00e1 aberta e eu convido todas as pessoas para participarem e conhecerem ainda mais os artistas do Instituto Federal Baiano\u201d, convoca o pr\u00f3-reitor.<\/p>\n\n\n\n<figure class=\"wp-block-image\"><img decoding=\"async\" src=\"https:\/\/ifbaiano.edu.br\/portal\/wp-content\/uploads\/2021\/05\/famif.png\" alt=\"\" class=\"wp-image-20479\" \/><figcaption>As apresenta\u00e7\u00f5es em categorias diversas contaram com tradu\u00e7\u00e3o em libras<\/figcaption><\/figure>\n\n\n\n<p><a href=\"https:\/\/concurso.ifbaiano.edu.br\/portal\/famif-2021\/wp-content\/uploads\/sites\/389\/2021\/05\/Lista-das-apresentacoes-selecionadas-para-o-FAMIFBAIANO-DIGITAL.pdf\">Consulte a rela\u00e7\u00e3o das apresenta\u00e7\u00f5es<\/a><\/p>\n\n\n\n<p>A exibi\u00e7\u00e3o das apresenta\u00e7\u00f5es vencedoras ser\u00e1 no dia 11 de junho, atrav\u00e9s do&nbsp;<em>Youtube<\/em>, em link a ser divulgado em breve.<br>D\u00favidas poder\u00e3o ser enviadas para o e-mail&nbsp;<em>famifbaianodigital@gmail.com<\/em>&nbsp;ou via mensagem direta no perfil&nbsp;<a href=\"https:\/\/www.instagram.com\/famifbaiano\/\"><strong>@famifbaiano<\/strong><\/a>&nbsp;no&nbsp;<em>Instagram<\/em>.<\/p>\n\n\n\n<h3 class=\"wp-block-heading\">Veja tamb\u00e9m:<\/h3>\n\n\n\n<ul><li><a href=\"https:\/\/ifbaiano.edu.br\/portal\/blog\/proex-divulga-lista-de-apresentacoes-selecionadas-para-o-famif-2021\/\">Proex divulga lista de apresenta\u00e7\u00f5es selecionadas para o Famif 2021<\/a><\/li><li><a href=\"https:\/\/ifbaiano.edu.br\/portal\/blog\/inscricoes-para-o-famif-digital-encerram-amanha\/\">Inscri\u00e7\u00f5es para o Famif Digital encerram nesta quarta-feira<\/a><\/li><li><a href=\"https:\/\/ifbaiano.edu.br\/portal\/blog\/famif-2021-prorroga-inscricoes-ate-19-de-maio\/\">Famif 2021 prorroga inscri\u00e7\u00f5es at\u00e9 19 de maio<\/a><\/li><\/ul>\n\n\n\n<hr class=\"wp-block-separator\" \/>\n\n\n\n<p>Mat\u00e9ria ASCOM publicada em: https:\/\/ifbaiano.edu.br\/portal\/blog\/famif-digital-abre-votacao-popular-ate-o-dia-6-de-junho\/<\/p>\n","protected":false},"excerpt":{"rendered":"<p>As apresenta\u00e7\u00f5es do Famif Baiano Digital j\u00e1 est\u00e3o no ar no perfil do&nbsp;Instagram&nbsp;do evento,&nbsp;@famifbaiano. A vota\u00e7\u00e3o popular foi aberta na tarde desta segunda-feira (31) e vai at\u00e9 o dia 6 de junho. Para votar em suas apresenta\u00e7\u00f5es favoritas, o p\u00fablico s\u00f3 precisa curtir o post. Neste formato digital, o Famif Baiano n\u00e3o tem um corpo [&hellip;]<\/p>\n","protected":false},"author":86,"featured_media":15032,"comment_status":"closed","ping_status":"closed","sticky":false,"template":"","format":"standard","meta":[],"categories":[4,5,23,57],"tags":[],"_links":{"self":[{"href":"https:\/\/www.ifbaiano.edu.br\/unidades\/santaines\/wp-json\/wp\/v2\/posts\/15108"}],"collection":[{"href":"https:\/\/www.ifbaiano.edu.br\/unidades\/santaines\/wp-json\/wp\/v2\/posts"}],"about":[{"href":"https:\/\/www.ifbaiano.edu.br\/unidades\/santaines\/wp-json\/wp\/v2\/types\/post"}],"author":[{"embeddable":true,"href":"https:\/\/www.ifbaiano.edu.br\/unidades\/santaines\/wp-json\/wp\/v2\/users\/86"}],"replies":[{"embeddable":true,"href":"https:\/\/www.ifbaiano.edu.br\/unidades\/santaines\/wp-json\/wp\/v2\/comments?post=15108"}],"version-history":[{"count":1,"href":"https:\/\/www.ifbaiano.edu.br\/unidades\/santaines\/wp-json\/wp\/v2\/posts\/15108\/revisions"}],"predecessor-version":[{"id":15109,"href":"https:\/\/www.ifbaiano.edu.br\/unidades\/santaines\/wp-json\/wp\/v2\/posts\/15108\/revisions\/15109"}],"wp:featuredmedia":[{"embeddable":true,"href":"https:\/\/www.ifbaiano.edu.br\/unidades\/santaines\/wp-json\/wp\/v2\/media\/15032"}],"wp:attachment":[{"href":"https:\/\/www.ifbaiano.edu.br\/unidades\/santaines\/wp-json\/wp\/v2\/media?parent=15108"}],"wp:term":[{"taxonomy":"category","embeddable":true,"href":"https:\/\/www.ifbaiano.edu.br\/unidades\/santaines\/wp-json\/wp\/v2\/categories?post=15108"},{"taxonomy":"post_tag","embeddable":true,"href":"https:\/\/www.ifbaiano.edu.br\/unidades\/santaines\/wp-json\/wp\/v2\/tags?post=15108"}],"curies":[{"name":"wp","href":"https:\/\/api.w.org\/{rel}","templated":true}]}}