{"id":15126,"date":"2021-06-19T09:41:37","date_gmt":"2021-06-19T12:41:37","guid":{"rendered":"https:\/\/www.ifbaiano.edu.br\/unidades\/santaines\/?p=15126"},"modified":"2024-08-08T18:10:36","modified_gmt":"2024-08-08T21:10:36","slug":"projeto-do-curso-de-licenciatura-em-ciencias-biologicas-promove-interacao-entre-escolas-do-municipio","status":"publish","type":"post","link":"https:\/\/www.ifbaiano.edu.br\/unidades\/santaines\/projeto-do-curso-de-licenciatura-em-ciencias-biologicas-promove-interacao-entre-escolas-do-municipio\/","title":{"rendered":"Projeto do curso de Licenciatura em Ci\u00eancias Biol\u00f3gicas promove intera\u00e7\u00e3o entre escolas do munic\u00edpio"},"content":{"rendered":"\n<p>A VIII Mostra Parasitol\u00f3gica: Promovendo Educa\u00e7\u00e3o e Sa\u00fade, que acontece pela primeira vez em formato <em>on line<\/em>, possibilita a intera\u00e7\u00e3o entre escolas dos munic\u00edpios de Santa In\u00eas, Cravol\u00e2ndia, Jaguaquara, Jiquiri\u00e7\u00e1, Mutu\u00edpe, Nova Itarana, Santa In\u00eas e Uba\u00edra. Com o tema \u201cEduca\u00e7\u00e3o em sa\u00fade e desenvolvimento social\u201d, esta vers\u00e3o est\u00e1 sendo executado desde o dia 07 de junho e se estende at\u00e9 23 de julho.<\/p>\n\n\n\n<p>A Mostra Parasitol\u00f3gica tem o objetivo de ampliar o conhecimento sobre doen\u00e7as parasit\u00e1rias, treinar a metodologia interativa do ensino de Ci\u00eancias aos estudantes do curso de Licenciatura em Ci\u00eancias Biol\u00f3gicas do IF Baiano Campus Santa In\u00eas e divulgar conhecimento.<\/p>\n\n\n\n<p>\u201cA Mostra Parasitol\u00f3gica: Promovendo Educa\u00e7\u00e3o e Sa\u00fade \u00e9 uma a\u00e7\u00e3o de extens\u00e3o que, ao mesmo tempo que promove intera\u00e7\u00e3o (on-line) com o p\u00fablico, divulga a\u00e7\u00f5es desenvolvidas pelo IF Baiano. Nas reuni\u00f5es, alunos e professores tratam sobre os agravos \u00e0 sa\u00fade humana comuns na regi\u00e3o do Vale do Jiquiri\u00e7\u00e1 como o complexo ten\u00edase\/cisticercose, doen\u00e7as provocadas pelos mosquitos Aedes Aegypti, moscas e caseira\u201d. Afirma o professor Fred Juli\u00e3o, coordenador do projeto.<\/p>\n\n\n\n<p>Ainda de acordo com o professor Fred Juli\u00e3o, a vers\u00e3o online da mostra est\u00e1 sendo planejada desde o dia 28 de abril, quando ele participou, juntamente com a estudante Cristiane de Brito Silva, monitora da proposta, de uma reuni\u00e3o com a gest\u00e3o da Escola Municipalizada Luiz Viana. A reuni\u00e3o aconteceu para a organiza\u00e7\u00e3o da mostra nesse novo formato.<\/p>\n\n\n\n<div class=\"wp-block-media-text alignwide is-stacked-on-mobile\"><figure class=\"wp-block-media-text__media\"><img decoding=\"async\" loading=\"lazy\" width=\"1040\" height=\"780\" src=\"https:\/\/www.ifbaiano.edu.br\/unidades\/santaines\/files\/2021\/06\/ad4e5228-0624-40a8-81a0-6f62843f47e9.jpg\" alt=\"\" class=\"wp-image-15127 size-full\" \/><\/figure><div class=\"wp-block-media-text__content\">\n<p>A equipe participante dessa vers\u00e3o s\u00e3o os(as) estudantes Cristiane de Brito Silva (monitora), Amauri da Silva e Silva, Andressa dos Santos Bomfim, C\u00e1ssia da Paix\u00e3o Costa, Raquel da Paix\u00e3o Costa, Angelina Peixoto da Silva, Rosana dos Santos Oliveira, Adeilson Argolo de Jesus, Deise Maiana Oliveira dos Santos, da Disciplina Parasitologia do curso de Licenciatura em Ci\u00eancias Biol\u00f3gicas do IF Baiano <em>Campus<\/em> Santa In\u00eas.<\/p>\n<\/div><\/div>\n\n\n\n<p>A Mostra acontece em momento ass\u00edncrono, onde h\u00e1 a exposi\u00e7\u00e3o de v\u00eddeo ao p\u00fablico e momento s\u00edncrono onde acontece a abertura para intera\u00e7\u00e3o entre os educandos, esclarecimento de d\u00favidas e curiosidades (pode ser ap\u00f3s cada v\u00eddeo ou a crit\u00e9rio da escola).<\/p>\n\n\n\n<p>Duas escolas j\u00e1 receberam a mostra. Sexta-feira (11) a primeira escola \u2013 Escola Municipalizada Luiz Viana Filho, da cidade de Santa In\u00eas e na \u00faltima ter\u00e7a-feira (15) foi a vez do Grupo Escolar \u00c1urea Cravo, da cidade de Cravol\u00e2ndia. Mais tr\u00eas est\u00e3o programadas: Escola LUMINAR, no munic\u00edpio de Santa In\u00eas, Col\u00e9gio Municipal Natur de Assis Filho, no munic\u00edpio de Uba\u00edra, e CEEP Pio XII, no munic\u00edpio de Jaguaquara.<\/p>\n\n\n\n<div class=\"wp-block-group is-layout-flow\"><div class=\"wp-block-group__inner-container\">\n<figure class=\"wp-block-gallery has-nested-images columns-default is-cropped wp-block-gallery-1 is-layout-flex\">\n<figure class=\"wp-block-image size-large\"><a href=\"https:\/\/www.ifbaiano.edu.br\/unidades\/santaines\/files\/2021\/06\/745cf4c6-2c01-4f67-8491-8281891b34d0-1.jpg\"><img decoding=\"async\" loading=\"lazy\" width=\"597\" height=\"913\" src=\"https:\/\/www.ifbaiano.edu.br\/unidades\/santaines\/files\/2021\/06\/745cf4c6-2c01-4f67-8491-8281891b34d0-1.jpg\" alt=\"\" class=\"wp-image-15130\" \/><\/a><\/figure>\n\n\n\n<figure class=\"wp-block-image size-large\"><a href=\"https:\/\/www.ifbaiano.edu.br\/unidades\/santaines\/files\/2021\/06\/481bd382-89dd-4fb2-b7ed-6ce19e5e0737-1.jpg\"><img decoding=\"async\" loading=\"lazy\" width=\"581\" height=\"961\" src=\"https:\/\/www.ifbaiano.edu.br\/unidades\/santaines\/files\/2021\/06\/481bd382-89dd-4fb2-b7ed-6ce19e5e0737-1.jpg\" alt=\"\" class=\"wp-image-15131\" \/><\/a><\/figure>\n\n\n\n<figure class=\"wp-block-image size-large\"><a href=\"https:\/\/www.ifbaiano.edu.br\/unidades\/santaines\/files\/2021\/06\/202337330_1073296076533618_6182385155641387569_n.jpg\"><img decoding=\"async\" loading=\"lazy\" width=\"720\" height=\"1280\" src=\"https:\/\/www.ifbaiano.edu.br\/unidades\/santaines\/files\/2021\/06\/202337330_1073296076533618_6182385155641387569_n.jpg\" alt=\"\" class=\"wp-image-15152\" \/><\/a><\/figure>\n<figcaption class=\"blocks-gallery-caption wp-element-caption\">Os dois primeiros prints s\u00e3o da Mostra na Escola Municipalizada Luiz Viana Filho e o \u00faltimo, Grupo Escolar \u00c1urea Cravo<\/figcaption><\/figure>\n<\/div><\/div>\n","protected":false},"excerpt":{"rendered":"<p>O projeto do IF Baiano \u2013 Campus Santa In\u00eas \u00e9 realizado pela primeira vez de forma remota o tema &#8220;Educa\u00e7\u00e3o em sa\u00fade e desenvolvimento social&#8221;<\/p>\n","protected":false},"author":86,"featured_media":0,"comment_status":"closed","ping_status":"closed","sticky":false,"template":"","format":"standard","meta":[],"categories":[4,12,5,57],"tags":[],"_links":{"self":[{"href":"https:\/\/www.ifbaiano.edu.br\/unidades\/santaines\/wp-json\/wp\/v2\/posts\/15126"}],"collection":[{"href":"https:\/\/www.ifbaiano.edu.br\/unidades\/santaines\/wp-json\/wp\/v2\/posts"}],"about":[{"href":"https:\/\/www.ifbaiano.edu.br\/unidades\/santaines\/wp-json\/wp\/v2\/types\/post"}],"author":[{"embeddable":true,"href":"https:\/\/www.ifbaiano.edu.br\/unidades\/santaines\/wp-json\/wp\/v2\/users\/86"}],"replies":[{"embeddable":true,"href":"https:\/\/www.ifbaiano.edu.br\/unidades\/santaines\/wp-json\/wp\/v2\/comments?post=15126"}],"version-history":[{"count":4,"href":"https:\/\/www.ifbaiano.edu.br\/unidades\/santaines\/wp-json\/wp\/v2\/posts\/15126\/revisions"}],"predecessor-version":[{"id":21829,"href":"https:\/\/www.ifbaiano.edu.br\/unidades\/santaines\/wp-json\/wp\/v2\/posts\/15126\/revisions\/21829"}],"wp:attachment":[{"href":"https:\/\/www.ifbaiano.edu.br\/unidades\/santaines\/wp-json\/wp\/v2\/media?parent=15126"}],"wp:term":[{"taxonomy":"category","embeddable":true,"href":"https:\/\/www.ifbaiano.edu.br\/unidades\/santaines\/wp-json\/wp\/v2\/categories?post=15126"},{"taxonomy":"post_tag","embeddable":true,"href":"https:\/\/www.ifbaiano.edu.br\/unidades\/santaines\/wp-json\/wp\/v2\/tags?post=15126"}],"curies":[{"name":"wp","href":"https:\/\/api.w.org\/{rel}","templated":true}]}}