{"id":15135,"date":"2021-11-16T09:31:00","date_gmt":"2021-11-16T12:31:00","guid":{"rendered":"https:\/\/www.ifbaiano.edu.br\/unidades\/santaines\/?p=15135"},"modified":"2021-11-16T09:31:47","modified_gmt":"2021-11-16T12:31:47","slug":"paise-2021-campus-santa-ines-publica-lista-de-pre-selecionados","status":"publish","type":"post","link":"https:\/\/www.ifbaiano.edu.br\/unidades\/santaines\/paise-2021-campus-santa-ines-publica-lista-de-pre-selecionados\/","title":{"rendered":"PAISE 2021 &#8211; Campus Santa In\u00eas publica etapas do Processo de sele\u00e7\u00e3o"},"content":{"rendered":"\n<p>Conforme previsto no <a href=\"https:\/\/www.ifbaiano.edu.br\/unidades\/santaines\/files\/2021\/05\/Cronograma-PAISE-2021.pdf\">cronograma<\/a> do <a href=\"https:\/\/www.ifbaiano.edu.br\/unidades\/santaines\/files\/2021\/05\/Edital-PAISE-2021.pdf\">Edital n\u00ba 32, de 22 de abril de 2021<\/a>, foi publicada hoje (14) a <a href=\"https:\/\/www.ifbaiano.edu.br\/unidades\/santaines\/files\/2021\/06\/Pre-selecionados-PAISE-2021.pdf\">lista de pr\u00e9-selecionados no PAISE 2021<\/a>. Todas as informa\u00e7\u00f5es sobre o processo seletivo est\u00e3o dispon\u00edveis tamb\u00e9m na <a href=\"https:\/\/concurso.ifbaiano.edu.br\/portal\/divulgado-o-edital-do-programa-de-assistencia-e-inclusao-social-do-estudante-paise-2021\/\">P\u00e1gina do Programa<\/a>. O per\u00edodo para interposi\u00e7\u00e3o de recursos sobre o resultado da pr\u00e9-sele\u00e7\u00e3o  \u00e9 de 15 a 16 de junho (48 horas, a contar da data de sua publica\u00e7\u00e3o), de acordo com o cronograma. <\/p>\n\n\n\n<p>O e-mail deve ser encaminhado para clae.ifsi@gmail.com com o t\u00edtulo: RECURSO AO RESULTADO DA SELE\u00c7\u00c3O DO PAISE, indicando nome do(a) discente, curso, ano ou semestre, documentos probat\u00f3rios al\u00e9m das raz\u00f5es argumentadas. Em hip\u00f3tese alguma, ser\u00e1 aceita revis\u00e3o de recurso, recurso de recurso ou recurso do resultado final da sele\u00e7\u00e3o. <\/p>\n\n\n\n<p>O Programa de Assist\u00eancia e Inclus\u00e3o Social do Estudante \u2013 PAISE, integrante da Pol\u00edtica de Assist\u00eancia Estudantil do IF Baiano, visa contribuir para o bem estar biopsicossocial, perman\u00eancia e \u00eaxito nas atividades acad\u00eamicas de estudantes em vulnerabilidade socioecon\u00f4mica.<\/p>\n\n\n\n<p>Considerando as normativas que regem a pol\u00edtica de Assist\u00eancia Estudantil no \u00e2mbito do IF Baiano, o&nbsp;<a href=\"https:\/\/www.ifbaiano.edu.br\/unidades\/santaines\/files\/2021\/05\/Edital-PAISE-2021.pdf\">Edital n\u00ba 32\/2021<\/a>&nbsp;estabelece as normas e crit\u00e9rios para sele\u00e7\u00e3o de estudantes em vulnerabilidade socioecon\u00f4mica, de cursos presenciais e a dist\u00e2ncia, com a finalidade de participa\u00e7\u00e3o nessa Pol\u00edtica, por meio do PAISE. O Edital prev\u00ea os crit\u00e9rios gerais, os quais devem ser observados. As informa\u00e7\u00f5es espec\u00edficas referentes aos aux\u00edlios disponibilizados pelo Campus Santa In\u00eas est\u00e3o disponibilizadas no&nbsp;<a href=\"https:\/\/www.ifbaiano.edu.br\/unidades\/santaines\/files\/2021\/05\/Cronograma-PAISE-2021.pdf\">cronograma.<\/a><\/p>\n\n\n\n<p>Acompanhe todas as publica\u00e7\u00f5es:<\/p>\n\n\n\n<p>17 de junho de 2021 &#8211; <a href=\"https:\/\/www.ifbaiano.edu.br\/unidades\/santaines\/files\/2021\/06\/Resultado-recurso-PAISE-2021.pdf\">Divulga\u00e7\u00e3o dos resultados sobre os recursos apresentados<\/a><\/p>\n\n\n\n<p>18 de junho de 2021 &#8211; <a href=\"https:\/\/www.ifbaiano.edu.br\/unidades\/santaines\/files\/2021\/06\/Selecionados-PAISE-2021.pdf\">Divulga\u00e7\u00e3o da lista dos selecionados<\/a><\/p>\n\n\n\n<p>\u00a016 de novembro de 2021 &#8211; <a rel=\"noreferrer noopener\" target=\"_blank\" href=\"https:\/\/concurso.ifbaiano.edu.br\/portal\/divulgado-o-edital-do-programa-de-assistencia-e-inclusao-social-do-estudante-paise-2021\/wp-content\/uploads\/sites\/406\/2021\/11\/Edital-de-Retificcao-PAISE.pdf\">Edital de Retifica\u00e7\u00e3o n\u00ba 23 \u2013 Retifica o Quadro de Vagas<\/a><\/p>\n\n\n\n<p>D\u00favidas devem ser encaminhadas para o e-mail: clae.ifsi@gmail.com.<\/p>\n\n\n\n<hr class=\"wp-block-separator\" \/>\n\n\n\n<p><\/p>\n","protected":false},"excerpt":{"rendered":"<p>O per\u00edodo para interposi\u00e7\u00e3o de recursos sobre o resultado da pr\u00e9-sele\u00e7\u00e3o  \u00e9 de 15 a 16 de junho<\/p>\n","protected":false},"author":86,"featured_media":0,"comment_status":"closed","ping_status":"closed","sticky":false,"template":"","format":"standard","meta":[],"categories":[4,38,5,8,57],"tags":[],"_links":{"self":[{"href":"https:\/\/www.ifbaiano.edu.br\/unidades\/santaines\/wp-json\/wp\/v2\/posts\/15135"}],"collection":[{"href":"https:\/\/www.ifbaiano.edu.br\/unidades\/santaines\/wp-json\/wp\/v2\/posts"}],"about":[{"href":"https:\/\/www.ifbaiano.edu.br\/unidades\/santaines\/wp-json\/wp\/v2\/types\/post"}],"author":[{"embeddable":true,"href":"https:\/\/www.ifbaiano.edu.br\/unidades\/santaines\/wp-json\/wp\/v2\/users\/86"}],"replies":[{"embeddable":true,"href":"https:\/\/www.ifbaiano.edu.br\/unidades\/santaines\/wp-json\/wp\/v2\/comments?post=15135"}],"version-history":[{"count":5,"href":"https:\/\/www.ifbaiano.edu.br\/unidades\/santaines\/wp-json\/wp\/v2\/posts\/15135\/revisions"}],"predecessor-version":[{"id":15747,"href":"https:\/\/www.ifbaiano.edu.br\/unidades\/santaines\/wp-json\/wp\/v2\/posts\/15135\/revisions\/15747"}],"wp:attachment":[{"href":"https:\/\/www.ifbaiano.edu.br\/unidades\/santaines\/wp-json\/wp\/v2\/media?parent=15135"}],"wp:term":[{"taxonomy":"category","embeddable":true,"href":"https:\/\/www.ifbaiano.edu.br\/unidades\/santaines\/wp-json\/wp\/v2\/categories?post=15135"},{"taxonomy":"post_tag","embeddable":true,"href":"https:\/\/www.ifbaiano.edu.br\/unidades\/santaines\/wp-json\/wp\/v2\/tags?post=15135"}],"curies":[{"name":"wp","href":"https:\/\/api.w.org\/{rel}","templated":true}]}}