{"id":15160,"date":"2021-06-19T10:23:09","date_gmt":"2021-06-19T13:23:09","guid":{"rendered":"https:\/\/www.ifbaiano.edu.br\/unidades\/santaines\/?p=15160"},"modified":"2021-06-19T10:23:19","modified_gmt":"2021-06-19T13:23:19","slug":"estudantes-receberao-suporte-as-duvidas-sobre-o-suap-com-a-dgti","status":"publish","type":"post","link":"https:\/\/www.ifbaiano.edu.br\/unidades\/santaines\/estudantes-receberao-suporte-as-duvidas-sobre-o-suap-com-a-dgti\/","title":{"rendered":"Estudantes receber\u00e3o suporte \u00e0s d\u00favidas sobre o SUAP com a DGTI"},"content":{"rendered":"\n<p>Na pr\u00f3xima ter\u00e7a-feira, 22, \u00e0s 14h30, os estudantes do IF Baiano t\u00eam um compromisso marcado com a Diretoria de Gest\u00e3o de Tecnologia da Informa\u00e7\u00e3o (DGTI) da institui\u00e7\u00e3o para uma apresenta\u00e7\u00e3o da \u00e1rea do aluno no Sistema Unificado de Administra\u00e7\u00e3o P\u00fablica (SUAP) e um esclarecimento das d\u00favidas mais frequentes dos usu\u00e1rios da plataforma. O encontro acontecer\u00e1&nbsp;<a href=\"https:\/\/conferenciaweb.rnp.br\/webconf\/dgti\">neste link<\/a>, na plataforma RNP.<\/p>\n\n\n\n<p>O SUAP \u00e9 o sistema utilizado pelas pr\u00f3-reitorias, diretorias sist\u00eamicas e Campi do IF Baiano para operacionalizar as atividades administravas e acad\u00eamicas. O Sistema Unificado de Administra\u00e7\u00e3o P\u00fablica tem sido usado pelos estudantes para fins de matr\u00edcula e acompanhamento acad\u00eamico desde janeiro de 2020, quando ocorreu a migra\u00e7\u00e3o da matr\u00edcula dos ingressantes na institui\u00e7\u00e3o do Sistema de Gest\u00e3o das Atividades Acad\u00eamicas (SIGAA) para o SUAP. O sistema anterior n\u00e3o atendia mais \u00e0s necessidades da institui\u00e7\u00e3o, n\u00e3o era capaz de interoperar com outras solu\u00e7\u00f5es e apresentava dificuldades no tratamento das informa\u00e7\u00f5es acad\u00eamicas durante todo o ciclo do aluno no IF Baiano.<\/p>\n\n\n\n<p>O SUAP disponibiliza acesso aos estudantes e respons\u00e1veis, possibilitando o acompanhamento da vida acad\u00eamica dos estudantes e do trabalho pedag\u00f3gico dos professores. Embora o SUAP tenha sanado as inconsist\u00eancias do SIGAA, apresentando mais facilidade e simplicidade nos processos, ainda chegam d\u00favidas \u00e0 DGTI quanto ao uso de determinadas fun\u00e7\u00f5es. Para esclarec\u00ea-las ao maior n\u00famero de usu\u00e1rios poss\u00edvel, servidores da diretoria far\u00e3o essa apresenta\u00e7\u00e3o na pr\u00f3xima ter\u00e7a-feira, via Confer\u00eancia Web RNP e Eduplay.<\/p>\n\n\n\n<hr class=\"wp-block-separator\" \/>\n\n\n\n<p>Mat\u00e9ria ASCOM publicada em: https:\/\/ifbaiano.edu.br\/portal\/blog\/estudantes-receberao-suporte-as-duvidas-sobre-o-suap-com-a-dgti\/<\/p>\n","protected":false},"excerpt":{"rendered":"<p>Na pr\u00f3xima ter\u00e7a-feira, 22, \u00e0s 14h30, os estudantes do IF Baiano t\u00eam um compromisso marcado com a Diretoria de Gest\u00e3o de Tecnologia da Informa\u00e7\u00e3o (DGTI) da institui\u00e7\u00e3o para uma apresenta\u00e7\u00e3o da \u00e1rea do aluno no Sistema Unificado de Administra\u00e7\u00e3o P\u00fablica (SUAP) e um esclarecimento das d\u00favidas mais frequentes dos usu\u00e1rios da plataforma. O encontro acontecer\u00e1&nbsp;neste [&hellip;]<\/p>\n","protected":false},"author":86,"featured_media":15156,"comment_status":"closed","ping_status":"closed","sticky":false,"template":"","format":"standard","meta":[],"categories":[4,38,5,10,57],"tags":[],"_links":{"self":[{"href":"https:\/\/www.ifbaiano.edu.br\/unidades\/santaines\/wp-json\/wp\/v2\/posts\/15160"}],"collection":[{"href":"https:\/\/www.ifbaiano.edu.br\/unidades\/santaines\/wp-json\/wp\/v2\/posts"}],"about":[{"href":"https:\/\/www.ifbaiano.edu.br\/unidades\/santaines\/wp-json\/wp\/v2\/types\/post"}],"author":[{"embeddable":true,"href":"https:\/\/www.ifbaiano.edu.br\/unidades\/santaines\/wp-json\/wp\/v2\/users\/86"}],"replies":[{"embeddable":true,"href":"https:\/\/www.ifbaiano.edu.br\/unidades\/santaines\/wp-json\/wp\/v2\/comments?post=15160"}],"version-history":[{"count":1,"href":"https:\/\/www.ifbaiano.edu.br\/unidades\/santaines\/wp-json\/wp\/v2\/posts\/15160\/revisions"}],"predecessor-version":[{"id":15161,"href":"https:\/\/www.ifbaiano.edu.br\/unidades\/santaines\/wp-json\/wp\/v2\/posts\/15160\/revisions\/15161"}],"wp:featuredmedia":[{"embeddable":true,"href":"https:\/\/www.ifbaiano.edu.br\/unidades\/santaines\/wp-json\/wp\/v2\/media\/15156"}],"wp:attachment":[{"href":"https:\/\/www.ifbaiano.edu.br\/unidades\/santaines\/wp-json\/wp\/v2\/media?parent=15160"}],"wp:term":[{"taxonomy":"category","embeddable":true,"href":"https:\/\/www.ifbaiano.edu.br\/unidades\/santaines\/wp-json\/wp\/v2\/categories?post=15160"},{"taxonomy":"post_tag","embeddable":true,"href":"https:\/\/www.ifbaiano.edu.br\/unidades\/santaines\/wp-json\/wp\/v2\/tags?post=15160"}],"curies":[{"name":"wp","href":"https:\/\/api.w.org\/{rel}","templated":true}]}}