{"id":15213,"date":"2021-07-08T08:58:05","date_gmt":"2021-07-08T11:58:05","guid":{"rendered":"https:\/\/www.ifbaiano.edu.br\/unidades\/santaines\/?p=15213"},"modified":"2021-07-08T08:58:27","modified_gmt":"2021-07-08T11:58:27","slug":"aposentados-e-pensionistas-devem-realizar-recadastramento-anual","status":"publish","type":"post","link":"https:\/\/www.ifbaiano.edu.br\/unidades\/santaines\/aposentados-e-pensionistas-devem-realizar-recadastramento-anual\/","title":{"rendered":"Aposentados e pensionistas devem realizar recadastramento anual"},"content":{"rendered":"\n<p>A Diretoria de Gest\u00e3o de Pessoas do Instituto Federal Baiano (DGP) informa aos servidores aposentados e pensionistas da institui\u00e7\u00e3o que a comprova\u00e7\u00e3o de vida para fins de recadastramento anual, suspensa desde o ano passado por conta da pandemia, voltou a ser obrigat\u00f3ria a partir de 1\u00ba de julho de 2021, conforme regulamenta a&nbsp;<a href=\"https:\/\/mail.ifbaiano.edu.br\/service\/home\/~\/?auth=co&amp;loc=pt_BR&amp;id=8841&amp;part=2\">Instru\u00e7\u00e3o Normativa do Minist\u00e9rio da Economia, SGP\/SEDGG\/ME N\u00ba 63<\/a>, de junho de 2021.<\/p>\n\n\n\n<p>Com o retorno da obrigatoriedade do recadastramento, todos os servidores aposentados e pensionistas do IF Baiano devem dirigir-se a uma ag\u00eancia do seu banco de recebimento de proventos para a prova de vida. Os nascidos de janeiro a junho t\u00eam o prazo de 01 at\u00e9 31 de julho de 2021 para fazerem esse recadastramento. J\u00e1 para os nascidos a partir de julho, o procedimento deve acontecer no m\u00eas de nascimento.<\/p>\n\n\n\n<p>A coordenadora de Aten\u00e7\u00e3o \u00e0 Sa\u00fade e Qualidade de Vida, Marcela Sacramento, exemplifica essas datas: \u201cse o pensionista nasceu em 30 de maio, seu recadastramento, em 2021, deve acontecer entre os dias 01 e 31 de julho; mas o aposentado que nasceu em 12 de setembro, por exemplo, ter\u00e1 que se apresentar ao banco no prazo de 01 a 30 de setembro para se recadastrar\u201d.<\/p>\n\n\n\n<p>Marcela explica que, em regra, o recadastramento \u00e9 presencial, mas aqueles que t\u00eam cadastramento biom\u00e9trico feito pelo DENATRAN ou pelo TSE podem utilizar o aplicativo SOUGOV para recadastro. \u201cAqueles que tamb\u00e9m recebem benef\u00edcio do INSS podem aproveitar o recadastramento do INSS, que pode ser feito no app, e ter\u00e1 seu benef\u00edcio regular no Instituto tamb\u00e9m\u201d, afirma a coordenadora.<\/p>\n\n\n\n<p>Os referidos servidores devem atentar-se ao seu prazo para a prova de vida e, se persistirem d\u00favidas, podem entrar em contato com o N\u00facleo de Previd\u00eancia e Seguran\u00e7a do Trabalho atrav\u00e9s do e-mail\u00a0<a href=\"mailto:nuprevs@ifbaiano.edu.br\">nuprevs@ifbaiano.edu.br<\/a>.<\/p>\n\n\n\n<hr class=\"wp-block-separator\" \/>\n\n\n\n<p>Mat\u00e9ria ASCOM dispon\u00edvel em: https:\/\/ifbaiano.edu.br\/portal\/blog\/aposentados-e-pensionistas-devem-realizar-recadastramento-anual\/<\/p>\n","protected":false},"excerpt":{"rendered":"<p>Comprova\u00e7\u00e3o de vida para regulariza\u00e7\u00e3o de benef\u00edcios voltou a ser obrigat\u00f3ria, ap\u00f3s per\u00edodo de suspens\u00e3o devido \u00e0 pandemia<\/p>\n","protected":false},"author":86,"featured_media":15214,"comment_status":"closed","ping_status":"closed","sticky":false,"template":"","format":"standard","meta":[],"categories":[4,38,5,10,57],"tags":[],"_links":{"self":[{"href":"https:\/\/www.ifbaiano.edu.br\/unidades\/santaines\/wp-json\/wp\/v2\/posts\/15213"}],"collection":[{"href":"https:\/\/www.ifbaiano.edu.br\/unidades\/santaines\/wp-json\/wp\/v2\/posts"}],"about":[{"href":"https:\/\/www.ifbaiano.edu.br\/unidades\/santaines\/wp-json\/wp\/v2\/types\/post"}],"author":[{"embeddable":true,"href":"https:\/\/www.ifbaiano.edu.br\/unidades\/santaines\/wp-json\/wp\/v2\/users\/86"}],"replies":[{"embeddable":true,"href":"https:\/\/www.ifbaiano.edu.br\/unidades\/santaines\/wp-json\/wp\/v2\/comments?post=15213"}],"version-history":[{"count":1,"href":"https:\/\/www.ifbaiano.edu.br\/unidades\/santaines\/wp-json\/wp\/v2\/posts\/15213\/revisions"}],"predecessor-version":[{"id":15215,"href":"https:\/\/www.ifbaiano.edu.br\/unidades\/santaines\/wp-json\/wp\/v2\/posts\/15213\/revisions\/15215"}],"wp:featuredmedia":[{"embeddable":true,"href":"https:\/\/www.ifbaiano.edu.br\/unidades\/santaines\/wp-json\/wp\/v2\/media\/15214"}],"wp:attachment":[{"href":"https:\/\/www.ifbaiano.edu.br\/unidades\/santaines\/wp-json\/wp\/v2\/media?parent=15213"}],"wp:term":[{"taxonomy":"category","embeddable":true,"href":"https:\/\/www.ifbaiano.edu.br\/unidades\/santaines\/wp-json\/wp\/v2\/categories?post=15213"},{"taxonomy":"post_tag","embeddable":true,"href":"https:\/\/www.ifbaiano.edu.br\/unidades\/santaines\/wp-json\/wp\/v2\/tags?post=15213"}],"curies":[{"name":"wp","href":"https:\/\/api.w.org\/{rel}","templated":true}]}}