{"id":15217,"date":"2021-07-08T12:56:25","date_gmt":"2021-07-08T15:56:25","guid":{"rendered":"https:\/\/www.ifbaiano.edu.br\/unidades\/santaines\/?p=15217"},"modified":"2021-07-08T12:56:36","modified_gmt":"2021-07-08T15:56:36","slug":"invencao-de-iogurte-com-adicao-de-cogumelo-gera-nova-patente-para-o-if-baiano","status":"publish","type":"post","link":"https:\/\/www.ifbaiano.edu.br\/unidades\/santaines\/invencao-de-iogurte-com-adicao-de-cogumelo-gera-nova-patente-para-o-if-baiano\/","title":{"rendered":"Inven\u00e7\u00e3o de iogurte com adi\u00e7\u00e3o de cogumelo gera nova patente para o IF Baiano"},"content":{"rendered":"\n<p>O Instituto Nacional da Propriedade Industrial (INPI) concedeu, na \u00faltima ter\u00e7a-feira, 6 de julho, a segunda carta-patente do IF Baiano, pela inven\u00e7\u00e3o de produ\u00e7\u00e3o de iogurte com adi\u00e7\u00e3o de cogumelo, desenvolvida por pesquisadores da institui\u00e7\u00e3o. A cria\u00e7\u00e3o inova na \u00e1rea de produtos aliment\u00edcios, ao propor o consumo de uma bebida funcional com elevado teor de prote\u00edna.<\/p>\n\n\n\n<p>Com a patente, o IF Baiano det\u00e9m todos os direitos de cess\u00e3o e licenciamento da inven\u00e7\u00e3o pelo per\u00edodo de 20 anos, contados a partir de 15 de agosto de 2016, data em que o pedido foi depositado junto ao INPI. Saiba mais na&nbsp;<a href=\"https:\/\/ifbaiano.edu.br\/portal\/wp-content\/uploads\/2021\/07\/Carta-Patente-N-BR-102016018766-4.pdf\" target=\"_blank\" rel=\"noreferrer noopener\">Carta-patente N\u00ba BR 102016018766-4<\/a>.&nbsp;<\/p>\n\n\n\n<p>Segundo o pesquisador do IF Baiano e autor da patente, Vin\u00edcius Reis de Figueir\u00eado, o produto desenvolvido atende pessoas interessadas no consumo de alimentos com elevado teor de prote\u00ednas e baixa quantidade de gordura. \u201cO iogurte adicionado de cogumelos pode promover bem-estar e sa\u00fade atrav\u00e9s da ingest\u00e3o de componentes naturais devido \u00e0s suas propriedades nutricionais, terap\u00eauticas, econ\u00f4micas e ecol\u00f3gicas\u201d, afirma.&nbsp;<\/p>\n\n\n\n<figure class=\"wp-block-image is-resized\"><img decoding=\"async\" loading=\"lazy\" src=\"https:\/\/ifbaiano.edu.br\/portal\/wp-content\/uploads\/2021\/07\/iogurte-adicao-cogumelo-ifbaiano.jpg\" alt=\"\" class=\"wp-image-20723\" width=\"732\" height=\"487\" \/><figcaption>Iogurte enriquecido com cogumelo possui alto valor proteico.<\/figcaption><\/figure>\n\n\n\n<p>A combina\u00e7\u00e3o (iogurte natural + cogumelo) apresenta uma forma alternativa de consumo do cogumelo comest\u00edvel, alimento com elevado teor de prote\u00edna e pouco utilizado no Brasil, em compara\u00e7\u00e3o aos padr\u00f5es de consumo orientais, por fatores ligados \u00e0 palatabilidade, pre\u00e7o e h\u00e1bitos culturais. \u201cA finalidade foi enriquecer um produto bastante apreciado pelos brasileiros, o iogurte, com diferentes concentra\u00e7\u00f5es de cogumelo em p\u00f3\u201d, explica o pesquisador.&nbsp;<\/p>\n\n\n\n<p>O projeto de pesquisa que resultou na inven\u00e7\u00e3o come\u00e7ou a ser desenvolvido em junho de 2016 no&nbsp;<em>campus&nbsp;<\/em>do IF Baiano em Santa In\u00eas (BA). Para chegar ao produto final, pronto para consumo, a pesquisa passou por algumas etapas, come\u00e7ando pela elabora\u00e7\u00e3o de um substrato feito a partir de res\u00edduos agroindustriais que foi utilizado no cultivo do&nbsp;<em>Agaricus subrufescens<\/em>, conhecido popularmente por cogumelo do sol.<\/p>\n\n\n\n<p>A pr\u00f3xima fase foi de prepara\u00e7\u00e3o do cogumelo e incorpora\u00e7\u00e3o ao iogurte. Ap\u00f3s o cultivo, os cogumelos foram desidratados, triturados e em seguida adicionados ao iogurte natural, o qual tamb\u00e9m foi produzido pela equipe executora da pesquisa. Em seguida, foram iniciados os testes de aceita\u00e7\u00e3o do produto com diferentes concentra\u00e7\u00f5es do cogumelo adicionado ao iogurte natural.&nbsp;<\/p>\n\n\n\n<p>Com os testes realizados pela equipe de pesquisadores foi poss\u00edvel chegar ao produto final e constatar o car\u00e1ter funcional da bebida enriquecida com cogumelo. \u201cOs teores de prote\u00edna do cogumelo associados aos benef\u00edcios j\u00e1 conhecidos do iogurte permitem afirmar que o produto \u00e9 inovador do ponto de vista de uma bebida saud\u00e1vel com teores elevados de prote\u00edna em sua composi\u00e7\u00e3o somados \u00e0 capacidade da beta-glucana de influenciar positivamente na sa\u00fade humana\u201d, conta Figueir\u00eado. O polissacar\u00eddeo beta-glucana \u00e9 um ativo encontrado no&nbsp;<em>Agaricus subrufescens<\/em>&nbsp;e que contribui na redu\u00e7\u00e3o da absor\u00e7\u00e3o de colesterol. A quantidade de&nbsp;<em>Beta D-Glucana<\/em>&nbsp;encontrada em 1g de&nbsp;<em>Agaricus subrufescens<\/em>&nbsp;pode variar entre 120-130 mg, entretanto, em alguns casos este valor pode ser superior.&nbsp;<\/p>\n\n\n\n<div class=\"wp-block-group\"><div class=\"wp-block-group__inner-container is-layout-flow\">\n<div class=\"wp-block-group\"><div class=\"wp-block-group__inner-container is-layout-flow\">\n<figure class=\"wp-block-gallery columns-2 is-cropped wp-block-gallery-1 is-layout-flex\"><ul class=\"blocks-gallery-grid\"><li class=\"blocks-gallery-item\"><figure><a href=\"https:\/\/www.ifbaiano.edu.br\/unidades\/santaines\/files\/2021\/07\/iogurte-adicao-cogumelo-ifbaiano2.jpg\"><img decoding=\"async\" loading=\"lazy\" width=\"4898\" height=\"3265\" src=\"https:\/\/www.ifbaiano.edu.br\/unidades\/santaines\/files\/2021\/07\/iogurte-adicao-cogumelo-ifbaiano2.jpg\" alt=\"\" data-id=\"15219\" data-link=\"https:\/\/www.ifbaiano.edu.br\/unidades\/santaines\/?attachment_id=15219\" class=\"wp-image-15219\" \/><\/a><\/figure><\/li><li class=\"blocks-gallery-item\"><figure><a href=\"https:\/\/www.ifbaiano.edu.br\/unidades\/santaines\/files\/2021\/07\/iogurte-cogumelo-ifbaiano-reditec.jpg\"><img decoding=\"async\" loading=\"lazy\" width=\"4898\" height=\"3265\" src=\"https:\/\/www.ifbaiano.edu.br\/unidades\/santaines\/files\/2021\/07\/iogurte-cogumelo-ifbaiano-reditec.jpg\" alt=\"\" data-id=\"15220\" data-link=\"https:\/\/www.ifbaiano.edu.br\/unidades\/santaines\/?attachment_id=15220\" class=\"wp-image-15220\" \/><\/a><\/figure><\/li><\/ul><figcaption class=\"blocks-gallery-caption\"><em>Projeto j\u00e1 foi apresentado em congressos de pesquisa e inova\u00e7\u00e3o, nacionais e internacionais, sendo um dos 40 trabalhos de maior destaque da Rede Federal em 2018.<\/em><\/figcaption><\/figure>\n<\/div><\/div>\n<\/div><\/div>\n\n\n\n<p>O projeto de pesquisa contou com a participa\u00e7\u00e3o de funcion\u00e1rios terceirizados, discentes volunt\u00e1rios e bolsistas do Instituto Federal Baiano (IF Baiano) e foi financiado por editais de fomento \u00e0 pesquisa da institui\u00e7\u00e3o. A equipe ainda aguarda a expedi\u00e7\u00e3o de mais uma patente nos pr\u00f3ximos meses, uma vez que outro dep\u00f3sito j\u00e1 foi efetuado junto ao INPI como desdobramento das a\u00e7\u00f5es do projeto. O reconhecimento da inven\u00e7\u00e3o reafirma a import\u00e2ncia da pesquisa, que j\u00e1 teve seus resultados apresentados em congressos nacionais e internacionais e\u00a0<a rel=\"noreferrer noopener\" href=\"https:\/\/ifbaiano.edu.br\/portal\/blog\/projeto-de-professor-do-campus-santa-ines-e-selecionado-para-o-reditec\/\" target=\"_blank\">foi destaque em 2018 na 42\u00aa Reditec<\/a>, como um dos 41 melhores trabalhos da Rede Federal de Educa\u00e7\u00e3o Profissional, Cient\u00edfica e Tecnol\u00f3gica.<\/p>\n\n\n\n<p>\u201cEsperamos obter mais essa carta-patente nos pr\u00f3ximos meses, demonstrando a capacidade de inova\u00e7\u00e3o que o IF Baiano possui, a qual est\u00e1 \u00e0 disposi\u00e7\u00e3o da comunidade discente e da sociedade de modo em geral para produzir conhecimento do mais alto n\u00edvel\u201d, conclui o inventor.<\/p>\n\n\n\n<h3 class=\"wp-block-heading\">Veja tamb\u00e9m:<\/h3>\n\n\n\n<ul><li><a href=\"https:\/\/ifbaiano.edu.br\/portal\/blog\/if-baiano-conquista-sua-primeira-patente-por-processo-de-extracao-de-amido-da-pupunha\/\">IF Baiano conquista sua primeira patente com m\u00e9todo inovador para\u2026<\/a><\/li><\/ul>\n\n\n\n<hr class=\"wp-block-separator\" \/>\n\n\n\n<p>Mat\u00e9ria ASCOM publicada em: https:\/\/ifbaiano.edu.br\/portal\/blog\/invencao-de-iogurte-com-adicao-de-cogumelo-gera-nova-patente-para-o-if-baiano\/<\/p>\n","protected":false},"excerpt":{"rendered":"<p>O Instituto Nacional da Propriedade Industrial (INPI) concedeu, na \u00faltima ter\u00e7a-feira, 6 de julho, a segunda carta-patente do IF Baiano, pela inven\u00e7\u00e3o de produ\u00e7\u00e3o de iogurte com adi\u00e7\u00e3o de cogumelo, desenvolvida por pesquisadores da institui\u00e7\u00e3o. A cria\u00e7\u00e3o inova na \u00e1rea de produtos aliment\u00edcios, ao propor o consumo de uma bebida funcional com elevado teor de [&hellip;]<\/p>\n","protected":false},"author":86,"featured_media":15218,"comment_status":"closed","ping_status":"closed","sticky":false,"template":"","format":"standard","meta":[],"categories":[4,5,57],"tags":[],"_links":{"self":[{"href":"https:\/\/www.ifbaiano.edu.br\/unidades\/santaines\/wp-json\/wp\/v2\/posts\/15217"}],"collection":[{"href":"https:\/\/www.ifbaiano.edu.br\/unidades\/santaines\/wp-json\/wp\/v2\/posts"}],"about":[{"href":"https:\/\/www.ifbaiano.edu.br\/unidades\/santaines\/wp-json\/wp\/v2\/types\/post"}],"author":[{"embeddable":true,"href":"https:\/\/www.ifbaiano.edu.br\/unidades\/santaines\/wp-json\/wp\/v2\/users\/86"}],"replies":[{"embeddable":true,"href":"https:\/\/www.ifbaiano.edu.br\/unidades\/santaines\/wp-json\/wp\/v2\/comments?post=15217"}],"version-history":[{"count":1,"href":"https:\/\/www.ifbaiano.edu.br\/unidades\/santaines\/wp-json\/wp\/v2\/posts\/15217\/revisions"}],"predecessor-version":[{"id":15221,"href":"https:\/\/www.ifbaiano.edu.br\/unidades\/santaines\/wp-json\/wp\/v2\/posts\/15217\/revisions\/15221"}],"wp:featuredmedia":[{"embeddable":true,"href":"https:\/\/www.ifbaiano.edu.br\/unidades\/santaines\/wp-json\/wp\/v2\/media\/15218"}],"wp:attachment":[{"href":"https:\/\/www.ifbaiano.edu.br\/unidades\/santaines\/wp-json\/wp\/v2\/media?parent=15217"}],"wp:term":[{"taxonomy":"category","embeddable":true,"href":"https:\/\/www.ifbaiano.edu.br\/unidades\/santaines\/wp-json\/wp\/v2\/categories?post=15217"},{"taxonomy":"post_tag","embeddable":true,"href":"https:\/\/www.ifbaiano.edu.br\/unidades\/santaines\/wp-json\/wp\/v2\/tags?post=15217"}],"curies":[{"name":"wp","href":"https:\/\/api.w.org\/{rel}","templated":true}]}}