{"id":15225,"date":"2021-07-13T15:10:34","date_gmt":"2021-07-13T18:10:34","guid":{"rendered":"https:\/\/www.ifbaiano.edu.br\/unidades\/santaines\/?p=15225"},"modified":"2021-07-14T14:23:19","modified_gmt":"2021-07-14T17:23:19","slug":"campus-santa-ines-ira-aplicar-remotamente-a-prova-da-obmep","status":"publish","type":"post","link":"https:\/\/www.ifbaiano.edu.br\/unidades\/santaines\/campus-santa-ines-ira-aplicar-remotamente-a-prova-da-obmep\/","title":{"rendered":"Primeira fase da 16\u00aa OBMEP ser\u00e1 realizada remotamente no dia 23 de julho"},"content":{"rendered":"\n<p>A 16\u00aa Olimp\u00edada Brasileira de Matem\u00e1tica das Escolas P\u00fablicas (OBMEP), que seria realizada em 2020, adaptou seu regulamento, dado o contexto de pandemia, e permitir\u00e1 a aplica\u00e7\u00e3o presencial ou remota da prova em todo pa\u00eds, de 28 de junho at\u00e9 o dia 03 de agosto de 2021. No <em>Campus<\/em>\u00a0Santa In\u00eas, a aplica\u00e7\u00e3o da prova da primeira fase da Olimp\u00edada ser\u00e1 realizada remotamente atrav\u00e9s da plataforma utilizada para as APNPs, a Plataforma Moodle, no dia 23 de julho, das 14h \u00e0s 16h30.<br><br>O acesso \u00e0 prova se dar\u00e1 atrav\u00e9s de um question\u00e1rio, disponibilizado na plataforma, em que todos(as) os(as) discentes do Ensino M\u00e9dio e\/ou PROEJA ter\u00e3o acesso \u00e0s quest\u00f5es. No momento da aplica\u00e7\u00e3o da prova, os professores de matem\u00e1tica, Luiz Gustavo Martins e\u00a0Anast\u00e1cio Brito, abrir\u00e3o uma sala no <a href=\"https:\/\/meet.google.com\/bce-vdvf-pkx\">Google Meet<\/a> para sanar d\u00favidas e identificar dificuldades t\u00e9cnicas.<br><\/p>\n\n\n\n<p>Para participar, n\u00e3o \u00e9 necess\u00e1rio se inscrever, basta estar regularmente matriculado nos cursos da institui\u00e7\u00e3o e acessar o question\u00e1rio pelo Moodle do professor de matem\u00e1tica no dia e hor\u00e1rio marcados.<\/p>\n\n\n\n<p>No dia 9 de setembro, ser\u00e1 divulgada a lista com os classificados para a segunda fase da competi\u00e7\u00e3o que ser\u00e1 realizada no dia 6 de novembro.<br><br>Saiba mais sobre a Olimp\u00edada <a href=\"http:\/\/www.obmep.org.br\/calendario.htm\">aqui<\/a>.<br><\/p>\n\n\n\n<hr class=\"wp-block-separator\" \/>\n\n\n\n<p><\/p>\n","protected":false},"excerpt":{"rendered":"<p>A 16\u00aa Olimp\u00edada Brasileira de Matem\u00e1tica das Escolas P\u00fablicas (OBMEP), que seria realizada em 2020, adaptou seu regulamento, dado o contexto de pandemia, e permitir\u00e1 a aplica\u00e7\u00e3o presencial ou remota da prova em todo pa\u00eds, de 28 de junho at\u00e9 o dia 03 de agosto de 2021. No Campus\u00a0Santa In\u00eas, a aplica\u00e7\u00e3o da prova da [&hellip;]<\/p>\n","protected":false},"author":86,"featured_media":15226,"comment_status":"closed","ping_status":"closed","sticky":false,"template":"","format":"standard","meta":[],"categories":[4,5,57],"tags":[],"_links":{"self":[{"href":"https:\/\/www.ifbaiano.edu.br\/unidades\/santaines\/wp-json\/wp\/v2\/posts\/15225"}],"collection":[{"href":"https:\/\/www.ifbaiano.edu.br\/unidades\/santaines\/wp-json\/wp\/v2\/posts"}],"about":[{"href":"https:\/\/www.ifbaiano.edu.br\/unidades\/santaines\/wp-json\/wp\/v2\/types\/post"}],"author":[{"embeddable":true,"href":"https:\/\/www.ifbaiano.edu.br\/unidades\/santaines\/wp-json\/wp\/v2\/users\/86"}],"replies":[{"embeddable":true,"href":"https:\/\/www.ifbaiano.edu.br\/unidades\/santaines\/wp-json\/wp\/v2\/comments?post=15225"}],"version-history":[{"count":3,"href":"https:\/\/www.ifbaiano.edu.br\/unidades\/santaines\/wp-json\/wp\/v2\/posts\/15225\/revisions"}],"predecessor-version":[{"id":15229,"href":"https:\/\/www.ifbaiano.edu.br\/unidades\/santaines\/wp-json\/wp\/v2\/posts\/15225\/revisions\/15229"}],"wp:featuredmedia":[{"embeddable":true,"href":"https:\/\/www.ifbaiano.edu.br\/unidades\/santaines\/wp-json\/wp\/v2\/media\/15226"}],"wp:attachment":[{"href":"https:\/\/www.ifbaiano.edu.br\/unidades\/santaines\/wp-json\/wp\/v2\/media?parent=15225"}],"wp:term":[{"taxonomy":"category","embeddable":true,"href":"https:\/\/www.ifbaiano.edu.br\/unidades\/santaines\/wp-json\/wp\/v2\/categories?post=15225"},{"taxonomy":"post_tag","embeddable":true,"href":"https:\/\/www.ifbaiano.edu.br\/unidades\/santaines\/wp-json\/wp\/v2\/tags?post=15225"}],"curies":[{"name":"wp","href":"https:\/\/api.w.org\/{rel}","templated":true}]}}