{"id":1525,"date":"2012-03-28T10:50:13","date_gmt":"2012-03-28T13:50:13","guid":{"rendered":"http:\/\/www.ifbaiano.edu.br\/unidades\/santaines\/?p=1525"},"modified":"2012-03-28T11:01:38","modified_gmt":"2012-03-28T14:01:38","slug":"divulgada-relacao-de-aprovados-no-programa-de-apoio-a-qualificacao","status":"publish","type":"post","link":"https:\/\/www.ifbaiano.edu.br\/unidades\/santaines\/divulgada-relacao-de-aprovados-no-programa-de-apoio-a-qualificacao\/","title":{"rendered":"Divulgada Rela\u00e7\u00e3o de aprovados no Programa de Apoio \u00e0 Qualifica\u00e7\u00e3o"},"content":{"rendered":"<p>Os servidores lotados no Campus Santa In\u00eas j\u00e1 podem conferir sua classifica\u00e7\u00e3o do referido edital atrav\u00e9s deste arquivo. <span style=\"color: #0000ff\"><a href=\"http:\/\/www.ifbaiano.edu.br\/unidades\/santaines\/files\/2012\/03\/SERVIDORES-INSCRITOS-NO-PROGRAMA-DE-APOIO-a-QUALIFICAcaO.pdf\" target=\"_blank\"><span style=\"color: #0000ff\">[arquivo]<\/span><\/a><\/span>. Para os que n\u00e3o foram contemplados, os mesmos devem entrar com recursos entre os dias 28\/03\/2012 a 30\/03\/2012 conforme cronograma divulgado anteriormente.<\/p>\n<p style=\"text-align: justify\">Para maiores informa\u00e7\u00f5es entrar em contato com a comiss\u00e3o de sele\u00e7\u00e3o:<br \/>\n<a href=\"mailto:hildete.andrade@ifbainao.edu.br\">hildete.andrade@ifbainao.edu.br<\/a><br \/>\n<a href=\"mailto:alyne.muller@ifbaiano.edu.br\">alyne.muller@ifbaiano.edu.br<\/a><br \/>\n<a href=\"mailto:vanina.sa@ifbaiano.edu.br\">vanina.sa@ifbaiano.edu.br<\/a><\/p>\n<p style=\"text-align: justify\">Ou atrav\u00e9s do telefone: (71)3186-0047<\/p>\n<p style=\"text-align: justify\">Informa\u00e7\u00f5es: T\u00c2NIA DE SANTANA NUNES \u2013 Chefe do N\u00facleo de Apoio a Gest\u00e3o de Pessoas.<\/p>\n","protected":false},"excerpt":{"rendered":"<p>Os servidores lotados no Campus Santa In\u00eas j\u00e1 podem conferir sua classifica\u00e7\u00e3o do referido edital atrav\u00e9s deste arquivo. [arquivo]. Para os que n\u00e3o foram contemplados, os mesmos devem entrar com recursos entre os dias 28\/03\/2012 a 30\/03\/2012 conforme cronograma divulgado anteriormente. Para maiores informa\u00e7\u00f5es entrar em contato com a comiss\u00e3o de sele\u00e7\u00e3o: hildete.andrade@ifbainao.edu.br alyne.muller@ifbaiano.edu.br vanina.sa@ifbaiano.edu.br [&hellip;]<\/p>\n","protected":false},"author":26,"featured_media":0,"comment_status":"closed","ping_status":"closed","sticky":false,"template":"","format":"standard","meta":[],"categories":[10],"tags":[],"_links":{"self":[{"href":"https:\/\/www.ifbaiano.edu.br\/unidades\/santaines\/wp-json\/wp\/v2\/posts\/1525"}],"collection":[{"href":"https:\/\/www.ifbaiano.edu.br\/unidades\/santaines\/wp-json\/wp\/v2\/posts"}],"about":[{"href":"https:\/\/www.ifbaiano.edu.br\/unidades\/santaines\/wp-json\/wp\/v2\/types\/post"}],"author":[{"embeddable":true,"href":"https:\/\/www.ifbaiano.edu.br\/unidades\/santaines\/wp-json\/wp\/v2\/users\/26"}],"replies":[{"embeddable":true,"href":"https:\/\/www.ifbaiano.edu.br\/unidades\/santaines\/wp-json\/wp\/v2\/comments?post=1525"}],"version-history":[{"count":4,"href":"https:\/\/www.ifbaiano.edu.br\/unidades\/santaines\/wp-json\/wp\/v2\/posts\/1525\/revisions"}],"predecessor-version":[{"id":1528,"href":"https:\/\/www.ifbaiano.edu.br\/unidades\/santaines\/wp-json\/wp\/v2\/posts\/1525\/revisions\/1528"}],"wp:attachment":[{"href":"https:\/\/www.ifbaiano.edu.br\/unidades\/santaines\/wp-json\/wp\/v2\/media?parent=1525"}],"wp:term":[{"taxonomy":"category","embeddable":true,"href":"https:\/\/www.ifbaiano.edu.br\/unidades\/santaines\/wp-json\/wp\/v2\/categories?post=1525"},{"taxonomy":"post_tag","embeddable":true,"href":"https:\/\/www.ifbaiano.edu.br\/unidades\/santaines\/wp-json\/wp\/v2\/tags?post=1525"}],"curies":[{"name":"wp","href":"https:\/\/api.w.org\/{rel}","templated":true}]}}