{"id":15272,"date":"2021-07-27T14:53:03","date_gmt":"2021-07-27T17:53:03","guid":{"rendered":"https:\/\/www.ifbaiano.edu.br\/unidades\/santaines\/?p=15272"},"modified":"2021-07-27T14:53:14","modified_gmt":"2021-07-27T17:53:14","slug":"i-semana-da-biologia-dos-institutos-federais-recebe-inscricoes-ate-30-de-agosto","status":"publish","type":"post","link":"https:\/\/www.ifbaiano.edu.br\/unidades\/santaines\/i-semana-da-biologia-dos-institutos-federais-recebe-inscricoes-ate-30-de-agosto\/","title":{"rendered":"I Semana da Biologia dos Institutos Federais recebe inscri\u00e7\u00f5es at\u00e9 30 de agosto"},"content":{"rendered":"\n<p>Est\u00e3o abertas at\u00e9 30 de agosto as inscri\u00e7\u00f5es para a I Semana da Biologia dos Institutos Federais. O evento acontecer\u00e1 entre os dias 30 de agosto e 03 de setembro de 2021, em formato virtual, transmitido pelo&nbsp;<em>Youtube<\/em>. Com uma abordagem contempor\u00e2nea, a Semana da Biologia discutir\u00e1 variados temas na \u00e1rea de ci\u00eancias biol\u00f3gicas. As inscri\u00e7\u00f5es s\u00e3o gratuitas e podem ser realizadas atrav\u00e9s do site do evento (<a href=\"https:\/\/www.even3.com.br\/semabioif2021\/\">clique aqui<\/a>).<\/p>\n\n\n\n<p>O evento tem como objetivo aproximar as comunidades acad\u00eamicas da Rede Federal de Educa\u00e7\u00e3o, Ci\u00eancia e Tecnologia (ECT) e re\u00fane na organiza\u00e7\u00e3o 14 institui\u00e7\u00f5es de ensino da Rede Federal, entre elas, o IF Baiano. O&nbsp;<em>Campus<\/em>&nbsp;Panambi do Instituto Federal Farroupilha (IFFar) \u00e9 o anfitri\u00e3o desta primeira edi\u00e7\u00e3o, que contar\u00e1 com mesas-redondas, palestras, minicursos e oficinas, todas realizadas em formato virtual. Participantes inscritos que acompanharem as atividades receber\u00e3o certificado.<\/p>\n\n\n\n<p>Com um car\u00e1ter plural e inclusivo, a I Semana da Biologia dos Institutos Federais surge para integrar estudantes, professores, profissionais da \u00e1rea e demais interessados pela ci\u00eancia, pela tecnologia e pelo compartilhamento de conhecimento. O encerramento do evento ser\u00e1 no dia 3 setembro, quando se celebra o Dia do Bi\u00f3logo.<\/p>\n\n\n\n<p><strong>Acompanhe o\u00a0<a href=\"https:\/\/www.even3.com.br\/semabioif2021\/\">site do evento<\/a>\u00a0para acessar atualiza\u00e7\u00f5es na programa\u00e7\u00e3o.<\/strong><\/p>\n\n\n\n<hr class=\"wp-block-separator\" \/>\n\n\n\n<p>Mat\u00e9ria ASCOM publicada em: https:\/\/ifbaiano.edu.br\/portal\/blog\/i-semana-da-biologia-dos-institutos-federais-recebe-inscricoes-ate-30-de-agosto\/<\/p>\n\n\n\n<p><\/p>\n","protected":false},"excerpt":{"rendered":"<p>O evento \u00e9 totalmente on-line e as inscri\u00e7\u00f5es s\u00e3o gratuitas<\/p>\n","protected":false},"author":86,"featured_media":15273,"comment_status":"closed","ping_status":"closed","sticky":false,"template":"","format":"standard","meta":[],"categories":[4,5,23,57],"tags":[],"_links":{"self":[{"href":"https:\/\/www.ifbaiano.edu.br\/unidades\/santaines\/wp-json\/wp\/v2\/posts\/15272"}],"collection":[{"href":"https:\/\/www.ifbaiano.edu.br\/unidades\/santaines\/wp-json\/wp\/v2\/posts"}],"about":[{"href":"https:\/\/www.ifbaiano.edu.br\/unidades\/santaines\/wp-json\/wp\/v2\/types\/post"}],"author":[{"embeddable":true,"href":"https:\/\/www.ifbaiano.edu.br\/unidades\/santaines\/wp-json\/wp\/v2\/users\/86"}],"replies":[{"embeddable":true,"href":"https:\/\/www.ifbaiano.edu.br\/unidades\/santaines\/wp-json\/wp\/v2\/comments?post=15272"}],"version-history":[{"count":1,"href":"https:\/\/www.ifbaiano.edu.br\/unidades\/santaines\/wp-json\/wp\/v2\/posts\/15272\/revisions"}],"predecessor-version":[{"id":15274,"href":"https:\/\/www.ifbaiano.edu.br\/unidades\/santaines\/wp-json\/wp\/v2\/posts\/15272\/revisions\/15274"}],"wp:featuredmedia":[{"embeddable":true,"href":"https:\/\/www.ifbaiano.edu.br\/unidades\/santaines\/wp-json\/wp\/v2\/media\/15273"}],"wp:attachment":[{"href":"https:\/\/www.ifbaiano.edu.br\/unidades\/santaines\/wp-json\/wp\/v2\/media?parent=15272"}],"wp:term":[{"taxonomy":"category","embeddable":true,"href":"https:\/\/www.ifbaiano.edu.br\/unidades\/santaines\/wp-json\/wp\/v2\/categories?post=15272"},{"taxonomy":"post_tag","embeddable":true,"href":"https:\/\/www.ifbaiano.edu.br\/unidades\/santaines\/wp-json\/wp\/v2\/tags?post=15272"}],"curies":[{"name":"wp","href":"https:\/\/api.w.org\/{rel}","templated":true}]}}