{"id":15283,"date":"2021-07-30T14:58:13","date_gmt":"2021-07-30T17:58:13","guid":{"rendered":"https:\/\/www.ifbaiano.edu.br\/unidades\/santaines\/?p=15283"},"modified":"2021-08-06T09:51:50","modified_gmt":"2021-08-06T12:51:50","slug":"campus-santa-ines-publica-edital-de-chamada-interna-para-avaliacao-de-alunos-requisitantes-da-certificacao-do-ensino-medio","status":"publish","type":"post","link":"https:\/\/www.ifbaiano.edu.br\/unidades\/santaines\/campus-santa-ines-publica-edital-de-chamada-interna-para-avaliacao-de-alunos-requisitantes-da-certificacao-do-ensino-medio\/","title":{"rendered":"Campus Santa In\u00eas publica edital de chamada interna para avalia\u00e7\u00e3o de alunos requisitantes da certifica\u00e7\u00e3o do Ensino M\u00e9dio"},"content":{"rendered":"\n<p>O Diretor-Geral do Instituto Federal de Educa\u00e7\u00e3o, Ci\u00eancia e Tecnologia Baiano &#8211; Campus Santa<br>In\u00eas, torna p\u00fablico o <a href=\"https:\/\/www.ifbaiano.edu.br\/unidades\/santaines\/files\/2021\/07\/Edital-02.2021-Avaliacao-de-alunos-que-nao-alcancaram-notas-do-ENEM-para-Declaracao.pdf\">Edital de Chamada Interna n\u00ba 02<\/a>, de 29 de julho de 2001,  para Avalia\u00e7\u00e3o Interna de Estudantes Matriculados no \u00daltimo Per\u00edodo Regular dos Cursos da Educa\u00e7\u00e3o Profissional T\u00e9cnica Integrada ao Ensino M\u00e9dio do IF Baiano, requisitantes da Certifica\u00e7\u00e3o do Ensino M\u00e9dio, conforme a <a href=\"https:\/\/www.ifbaiano.edu.br\/unidades\/teixeira\/files\/2021\/04\/Portaria-Normativa-4-2021-Declaracao-Conclusao-EM.pdf\">Portaria Normativa N\u00ba 4\/, de 26 de abril de 2021<\/a>, alterada pela <a href=\"https:\/\/www.ifbaiano.edu.br\/unidades\/teixeira\/files\/2021\/06\/Portaria-6.pdf\">Portaria Normativa n\u00ba 6, de 11 de maio de 2021<\/a>.<\/p>\n\n\n\n<p>O Objetivo da chamada \u00e9 normatizar o procedimento de Avalia\u00e7\u00e3o Interna para Certifica\u00e7\u00e3o do Ensino M\u00e9dio no \u00e2mbito do IF Baiano, em car\u00e1ter excepcional em fun\u00e7\u00e3o da COVID-19.<\/p>\n\n\n\n<p>A Avalia\u00e7\u00e3o Interna de Certifica\u00e7\u00e3o do Ensino M\u00e9dio ser\u00e1 composta por 40 quest\u00f5es objetivas, sendo 10 quest\u00f5es de cada \u00e1rea do conhecimento e uma prova de reda\u00e7\u00e3o, conforme especificado no edital. Cada \u00e1rea do conhecimento ter\u00e1 uma totaliza\u00e7\u00e3o m\u00e1xima de 1000 pontos e a prova de reda\u00e7\u00e3o ter\u00e1  a mesma pontua\u00e7\u00e3o m\u00e1xima. A aplica\u00e7\u00e3o da avalia\u00e7\u00e3o acontece no dia 09 de agosto de 2021, \u00e0s 8h, atrav\u00e9s de link a ser enviado por e-mail para os <a href=\"https:\/\/www.ifbaiano.edu.br\/unidades\/santaines\/files\/2021\/08\/Lista-de-Inscritos_Chamada-Interna_Edital-02-2021.pdf\">estudantes inscritos<\/a>.<\/p>\n\n\n\n<p>As inscri\u00e7\u00f5es foram realizadas no per\u00edodo de 03 a 05 de agosto de 2021 de forma EXCLUSIVAMENTE eletr\u00f4nica atrav\u00e9s <strong><a href=\"https:\/\/forms.gle\/LAnhjBC85r4rm6tp8\">desta p\u00e1gina<\/a><\/strong>. Puderam se inscrever, estudantes  com matr\u00edcula e frequ\u00eancia regular no \u00faltimo per\u00edodo letivo dos Cursos de Educa\u00e7\u00e3o Profissional T\u00e9cnica Integrada ao Ensino M\u00e9dio do IF Baiano &#8211; Campus Santa In\u00eas.<\/p>\n\n\n\n<p>O estudante deve ficar atento \u00e0s informa\u00e7\u00f5es, orienta\u00e7\u00f5es, cronogramas e resultados, pois estes ser\u00e3o publicados na <a href=\"https:\/\/www.ifbaiano.edu.br\/unidades\/santaines\/\">p\u00e1gina do Campus<\/a>. Outras informa\u00e7\u00f5es poder\u00e3o ser solicitadas atrav\u00e9s do e-mail: declaracaoensinomedio@gmail.com<\/p>\n\n\n\n<hr class=\"wp-block-separator\" \/>\n\n\n\n<p><a href=\"https:\/\/www.ifbaiano.edu.br\/unidades\/santaines\/files\/2021\/08\/Lista-de-Inscritos_Chamada-Interna_Edital-02-2021.pdf\">Lista de estudantes solicitantes da Certifica\u00e7\u00e3o do Ensino M\u00e9dio<\/a> &#8211; Publica\u00e7\u00e3o em 06 de agosto de 2021.<\/p>\n\n\n\n<hr class=\"wp-block-separator\" \/>\n","protected":false},"excerpt":{"rendered":"<p>As inscri\u00e7\u00f5es ser\u00e3o realizadas no per\u00edodo de 03 a 05 de agosto de 2021<\/p>\n","protected":false},"author":86,"featured_media":0,"comment_status":"closed","ping_status":"closed","sticky":false,"template":"","format":"standard","meta":[],"categories":[4,38,5,57],"tags":[],"_links":{"self":[{"href":"https:\/\/www.ifbaiano.edu.br\/unidades\/santaines\/wp-json\/wp\/v2\/posts\/15283"}],"collection":[{"href":"https:\/\/www.ifbaiano.edu.br\/unidades\/santaines\/wp-json\/wp\/v2\/posts"}],"about":[{"href":"https:\/\/www.ifbaiano.edu.br\/unidades\/santaines\/wp-json\/wp\/v2\/types\/post"}],"author":[{"embeddable":true,"href":"https:\/\/www.ifbaiano.edu.br\/unidades\/santaines\/wp-json\/wp\/v2\/users\/86"}],"replies":[{"embeddable":true,"href":"https:\/\/www.ifbaiano.edu.br\/unidades\/santaines\/wp-json\/wp\/v2\/comments?post=15283"}],"version-history":[{"count":2,"href":"https:\/\/www.ifbaiano.edu.br\/unidades\/santaines\/wp-json\/wp\/v2\/posts\/15283\/revisions"}],"predecessor-version":[{"id":15298,"href":"https:\/\/www.ifbaiano.edu.br\/unidades\/santaines\/wp-json\/wp\/v2\/posts\/15283\/revisions\/15298"}],"wp:attachment":[{"href":"https:\/\/www.ifbaiano.edu.br\/unidades\/santaines\/wp-json\/wp\/v2\/media?parent=15283"}],"wp:term":[{"taxonomy":"category","embeddable":true,"href":"https:\/\/www.ifbaiano.edu.br\/unidades\/santaines\/wp-json\/wp\/v2\/categories?post=15283"},{"taxonomy":"post_tag","embeddable":true,"href":"https:\/\/www.ifbaiano.edu.br\/unidades\/santaines\/wp-json\/wp\/v2\/tags?post=15283"}],"curies":[{"name":"wp","href":"https:\/\/api.w.org\/{rel}","templated":true}]}}