{"id":15309,"date":"2021-08-23T13:47:00","date_gmt":"2021-08-23T16:47:00","guid":{"rendered":"https:\/\/www.ifbaiano.edu.br\/unidades\/santaines\/?p=15309"},"modified":"2021-08-23T13:48:29","modified_gmt":"2021-08-23T16:48:29","slug":"vagas-remanescentes-dos-cursos-de-graduacao-etapas-de-selecao","status":"publish","type":"post","link":"https:\/\/www.ifbaiano.edu.br\/unidades\/santaines\/vagas-remanescentes-dos-cursos-de-graduacao-etapas-de-selecao\/","title":{"rendered":"Vagas remanescentes dos cursos de gradua\u00e7\u00e3o &#8211; Etapas de sele\u00e7\u00e3o"},"content":{"rendered":"\n<p>O IF Baiano Campus Santa In\u00eas publicou, no dia 21 de julho de 2021, o  <a href=\"https:\/\/concurso.ifbaiano.edu.br\/portal\/vagas-graduacao-santa-ines-julho-2021\/wp-content\/uploads\/sites\/413\/2021\/07\/Edital-no.-79-de-20-de-julho-de-2021.pdf\">Edital n\u00ba 79\/2021<\/a> para preenchimento de vagas remanescentes das chamadas do processo seletivo SISU 2021.1. Foram ofertadas 33 vagas, sendo: 6 para o curso de Licenciatura em Ci\u00eancias Biol\u00f3gicas, 3 para o curso de Licenciatura em Geografia e 24 para o curso de Bacharelado em Zootecnia. As inscri\u00e7\u00f5es foram gratuitas e on-line. Para concorrer \u00e0s vagas era necess\u00e1rio ter conclu\u00eddo o ensino m\u00e9dio e prestado o Exame Nacional do Ensino M\u00e9dio (Enem).<\/p>\n\n\n\n<p>Na sele\u00e7\u00e3o, o IF Baiano utilizou as notas do Enem das edi\u00e7\u00f5es de 2011 at\u00e9 2020 (\u00faltima edi\u00e7\u00e3o do Enem), a partir da apresenta\u00e7\u00e3o do boletim do Enem dos candidatos. A m\u00e9dia final, para efeitos de classifica\u00e7\u00e3o nos processos seletivos, foi resultante da m\u00e9dia aritm\u00e9tica das notas do Enem nas \u00e1reas de Linguagens, C\u00f3digos e suas Tecnologias; Reda\u00e7\u00e3o; e Matem\u00e1tica e suas Tecnologias, a partir do boletim do Enem enviado no ato da inscri\u00e7\u00e3o.<\/p>\n\n\n\n<p>Para acessar as informa\u00e7\u00f5es desse processo seletivo basta clicar no documento abaixo:<\/p>\n\n\n\n<p><a rel=\"noreferrer noopener\" target=\"_blank\" href=\"https:\/\/concurso.ifbaiano.edu.br\/portal\/vagas-graduacao-santa-ines-julho-2021\/wp-content\/uploads\/sites\/413\/2021\/07\/Edital-no.-79-de-20-de-julho-de-2021.pdf\">Edital n\u00ba 79\/2021<\/a><\/p>\n\n\n\n<p><a rel=\"noreferrer noopener\" target=\"_blank\" href=\"https:\/\/concurso.ifbaiano.edu.br\/portal\/vagas-graduacao-santa-ines-julho-2021\/wp-content\/uploads\/sites\/413\/2021\/07\/Edital-de-Retificacao-no-88-de-29-de-julho-de-2021.pdf\">Edital de Retifica\u00e7\u00e3o n\u00ba 88\/2021<\/a><\/p>\n\n\n\n<p><a rel=\"noreferrer noopener\" target=\"_blank\" href=\"https:\/\/concurso.ifbaiano.edu.br\/portal\/vagas-graduacao-santa-ines-julho-2021\/wp-content\/uploads\/sites\/413\/2021\/08\/HOMOLOGACAO-EDITAL-DE-VAGAS-REMANESCENTES-CAMPUS-SANTA-INES-1.pdf\">Lista Preliminar de Inscri\u00e7\u00f5es Homologadas<\/a><\/p>\n\n\n\n<p><a rel=\"noreferrer noopener\" target=\"_blank\" href=\"https:\/\/concurso.ifbaiano.edu.br\/portal\/vagas-graduacao-santa-ines-julho-2021\/wp-content\/uploads\/sites\/413\/2021\/08\/Lista-Final-de-Inscricoes-Homologadas.pdf\">Lista Final de Inscri\u00e7\u00f5es Homologadas<\/a><\/p>\n\n\n\n<p><a rel=\"noreferrer noopener\" target=\"_blank\" href=\"https:\/\/concurso.ifbaiano.edu.br\/portal\/vagas-graduacao-santa-ines-julho-2021\/wp-content\/uploads\/sites\/413\/2021\/08\/Resultado-Preliminar-Graduacao.pdf\">Resultado Preliminar<\/a><\/p>\n\n\n\n<p><a rel=\"noreferrer noopener\" target=\"_blank\" href=\"https:\/\/concurso.ifbaiano.edu.br\/portal\/vagas-graduacao-santa-ines-julho-2021\/wp-content\/uploads\/sites\/413\/2021\/08\/Resultado-Final.pdf\">Resultado Final<\/a><\/p>\n\n\n\n<p>Todas as etapas de sele\u00e7\u00e3o est\u00e3o dispon\u00edveis, tamb\u00e9m, na <a href=\"https:\/\/concurso.ifbaiano.edu.br\/portal\/vagas-graduacao-santa-ines-julho-2021\/\">p\u00e1gina de concursos e sele\u00e7\u00f5es<\/a>.<\/p>\n\n\n\n<p>D\u00favidas devem ser encaminhadas para o e-mail: <a href=\"mailto:prosel.bonfim@bonfim.ifbaiano.edu.br\">prosel@si.ifbaiano.edu.br<\/a><\/p>\n\n\n\n<hr class=\"wp-block-separator\" \/>\n","protected":false},"excerpt":{"rendered":"<p>O IF Baiano Campus Santa In\u00eas publicou, no dia 21 de julho de 2021, o Edital n\u00ba 79\/2021 para preenchimento de vagas remanescentes das chamadas do processo seletivo SISU 2021.1. Foram ofertadas 33 vagas, sendo: 6 para o curso de Licenciatura em Ci\u00eancias Biol\u00f3gicas, 3 para o curso de Licenciatura em Geografia e 24 para [&hellip;]<\/p>\n","protected":false},"author":86,"featured_media":15254,"comment_status":"closed","ping_status":"closed","sticky":false,"template":"","format":"standard","meta":[],"categories":[4,12,5,8,57],"tags":[],"_links":{"self":[{"href":"https:\/\/www.ifbaiano.edu.br\/unidades\/santaines\/wp-json\/wp\/v2\/posts\/15309"}],"collection":[{"href":"https:\/\/www.ifbaiano.edu.br\/unidades\/santaines\/wp-json\/wp\/v2\/posts"}],"about":[{"href":"https:\/\/www.ifbaiano.edu.br\/unidades\/santaines\/wp-json\/wp\/v2\/types\/post"}],"author":[{"embeddable":true,"href":"https:\/\/www.ifbaiano.edu.br\/unidades\/santaines\/wp-json\/wp\/v2\/users\/86"}],"replies":[{"embeddable":true,"href":"https:\/\/www.ifbaiano.edu.br\/unidades\/santaines\/wp-json\/wp\/v2\/comments?post=15309"}],"version-history":[{"count":4,"href":"https:\/\/www.ifbaiano.edu.br\/unidades\/santaines\/wp-json\/wp\/v2\/posts\/15309\/revisions"}],"predecessor-version":[{"id":15386,"href":"https:\/\/www.ifbaiano.edu.br\/unidades\/santaines\/wp-json\/wp\/v2\/posts\/15309\/revisions\/15386"}],"wp:featuredmedia":[{"embeddable":true,"href":"https:\/\/www.ifbaiano.edu.br\/unidades\/santaines\/wp-json\/wp\/v2\/media\/15254"}],"wp:attachment":[{"href":"https:\/\/www.ifbaiano.edu.br\/unidades\/santaines\/wp-json\/wp\/v2\/media?parent=15309"}],"wp:term":[{"taxonomy":"category","embeddable":true,"href":"https:\/\/www.ifbaiano.edu.br\/unidades\/santaines\/wp-json\/wp\/v2\/categories?post=15309"},{"taxonomy":"post_tag","embeddable":true,"href":"https:\/\/www.ifbaiano.edu.br\/unidades\/santaines\/wp-json\/wp\/v2\/tags?post=15309"}],"curies":[{"name":"wp","href":"https:\/\/api.w.org\/{rel}","templated":true}]}}