{"id":15355,"date":"2021-08-16T16:31:34","date_gmt":"2021-08-16T19:31:34","guid":{"rendered":"https:\/\/www.ifbaiano.edu.br\/unidades\/santaines\/?p=15355"},"modified":"2021-08-16T16:31:44","modified_gmt":"2021-08-16T19:31:44","slug":"encontro-nacional-sobre-inclusao-escolar-esta-com-inscricoes-abertas","status":"publish","type":"post","link":"https:\/\/www.ifbaiano.edu.br\/unidades\/santaines\/encontro-nacional-sobre-inclusao-escolar-esta-com-inscricoes-abertas\/","title":{"rendered":"Encontro Nacional sobre Inclus\u00e3o Escolar est\u00e1 com inscri\u00e7\u00f5es abertas"},"content":{"rendered":"\n<p>O&nbsp;<strong>Encontro Nacional sobre Inclus\u00e3o Escolar da Rede Profissional Tecnol\u00f3gica (ENIERPT)<\/strong>&nbsp;acontecer\u00e1 em 21 e 22 de setembro de 2021, virtualmente, e est\u00e1 com inscri\u00e7\u00f5es abertas atrav\u00e9s do&nbsp;<a href=\"https:\/\/www.enierpt.com.br\/inscri%C3%A7%C3%B5es\">site do evento<\/a>. O Encontro tem por objetivo reunir virtualmente N\u00facleos de Acessibilidade \u00e0s Pessoas com Necessidades Educacionais Espec\u00edficas (NAPNEs), docentes, equipes pedag\u00f3gicas, servidores, servidoras, estudantes e familiares para discutirem as possibilidades e os desafios da inclus\u00e3o escolar no contexto da Rede Profissional Tecnol\u00f3gica. O prazo para submiss\u00e3o de trabalhos ao ENIERPT encerra no pr\u00f3ximo domingo, 15 de agosto.<\/p>\n\n\n\n<p>A programa\u00e7\u00e3o conta com palestra de abertura sobre a Inclus\u00e3o Escolar da Rede Profissional Tecnol\u00f3gica, mesas de discuss\u00f5es sobre o NAPNE e sobre o papel do professor de Educa\u00e7\u00e3o Especial na Rede, al\u00e9m de semin\u00e1rios tem\u00e1ticos com apresenta\u00e7\u00e3o de trabalhos. No dia seguinte ao encerramento das atividades do Encontro, iniciar\u00e1 o F\u00f3rum Nacional de Coordenadores de N\u00facleos de Acessibilidade da Rede Profissional Tecnol\u00f3gica.&nbsp;<\/p>\n\n\n\n<p>O F\u00f3rum acontecer\u00e1 em 23 e 24 de setembro e visa a reuni\u00e3o dos gestores, discutir a import\u00e2ncia de se efetivar o F\u00f3rum Permanente de Coordenadores de N\u00facleos de Acessibilidade, como um movimento pela busca do fortalecimento dos direitos, das a\u00e7\u00f5es e das pol\u00edticas p\u00fablicas que primam pela qualidade do acesso e da perman\u00eancia do p\u00fablico-alvo de educa\u00e7\u00e3o especial na Rede Profissional Tecnol\u00f3gica. Nesses dois dias, os gestores participar\u00e3o de discuss\u00f5es e debates sobre tem\u00e1ticas diversas, como a forma\u00e7\u00e3o docente permanente para o professor da sala comum, o trabalho colaborativo da equipe multiprofissional, as possibilidades de institucionaliza\u00e7\u00e3o dos NAPNEs nos espa\u00e7os educacionais.<\/p>\n\n\n\n<p>Diante da viv\u00eancia de diferentes pol\u00edticas institucionais pelos NAPNEs de cada institui\u00e7\u00e3o, com disponibiliza\u00e7\u00e3o de recursos humanos e materiais diversos, os dois eventos surgem da necessidade de compartilhamento de pr\u00e1ticas e ideias.<\/p>\n\n\n\n<hr class=\"wp-block-separator\" \/>\n\n\n\n<p>Mat\u00e9ria ASCOM dispon\u00edvel em: https:\/\/ifbaiano.edu.br\/portal\/blog\/encontro-nacional-sobre-inclusao-escolar-esta-com-inscricoes-abertas\/<\/p>\n","protected":false},"excerpt":{"rendered":"<p>O ENIERPT acontecer\u00e1 em 21 e 22 de setembro de 2021 virtualmente<\/p>\n","protected":false},"author":86,"featured_media":15353,"comment_status":"closed","ping_status":"closed","sticky":false,"template":"","format":"standard","meta":[],"categories":[4,5,57],"tags":[],"_links":{"self":[{"href":"https:\/\/www.ifbaiano.edu.br\/unidades\/santaines\/wp-json\/wp\/v2\/posts\/15355"}],"collection":[{"href":"https:\/\/www.ifbaiano.edu.br\/unidades\/santaines\/wp-json\/wp\/v2\/posts"}],"about":[{"href":"https:\/\/www.ifbaiano.edu.br\/unidades\/santaines\/wp-json\/wp\/v2\/types\/post"}],"author":[{"embeddable":true,"href":"https:\/\/www.ifbaiano.edu.br\/unidades\/santaines\/wp-json\/wp\/v2\/users\/86"}],"replies":[{"embeddable":true,"href":"https:\/\/www.ifbaiano.edu.br\/unidades\/santaines\/wp-json\/wp\/v2\/comments?post=15355"}],"version-history":[{"count":1,"href":"https:\/\/www.ifbaiano.edu.br\/unidades\/santaines\/wp-json\/wp\/v2\/posts\/15355\/revisions"}],"predecessor-version":[{"id":15356,"href":"https:\/\/www.ifbaiano.edu.br\/unidades\/santaines\/wp-json\/wp\/v2\/posts\/15355\/revisions\/15356"}],"wp:featuredmedia":[{"embeddable":true,"href":"https:\/\/www.ifbaiano.edu.br\/unidades\/santaines\/wp-json\/wp\/v2\/media\/15353"}],"wp:attachment":[{"href":"https:\/\/www.ifbaiano.edu.br\/unidades\/santaines\/wp-json\/wp\/v2\/media?parent=15355"}],"wp:term":[{"taxonomy":"category","embeddable":true,"href":"https:\/\/www.ifbaiano.edu.br\/unidades\/santaines\/wp-json\/wp\/v2\/categories?post=15355"},{"taxonomy":"post_tag","embeddable":true,"href":"https:\/\/www.ifbaiano.edu.br\/unidades\/santaines\/wp-json\/wp\/v2\/tags?post=15355"}],"curies":[{"name":"wp","href":"https:\/\/api.w.org\/{rel}","templated":true}]}}