{"id":15362,"date":"2021-08-18T14:24:16","date_gmt":"2021-08-18T17:24:16","guid":{"rendered":"https:\/\/www.ifbaiano.edu.br\/unidades\/santaines\/?p=15362"},"modified":"2021-08-18T14:24:26","modified_gmt":"2021-08-18T17:24:26","slug":"confira-as-novas-chamadas-internas-para-bolsas-de-pesquisa","status":"publish","type":"post","link":"https:\/\/www.ifbaiano.edu.br\/unidades\/santaines\/confira-as-novas-chamadas-internas-para-bolsas-de-pesquisa\/","title":{"rendered":"Confira as novas chamadas internas para bolsas de pesquisa"},"content":{"rendered":"\n<p>O IF Baiano lan\u00e7ou editais de chamada interna para submiss\u00e3o de projetos a serem contemplados por bolsas do Programa de Apoio \u00e0 P\u00f3s-Gradua\u00e7\u00e3o, al\u00e9m de bolsas de Inicia\u00e7\u00e3o Cient\u00edfica para estudantes de gradua\u00e7\u00e3o nos editais PIBIC\/n\u00ba 105 e PIBIC \u2013 Af\/n\u00ba 104. As submiss\u00f5es dos projetos de pesquisa ser\u00e3o realizadas virtualmente, atrav\u00e9s do Sistema Unificado de Administra\u00e7\u00e3o P\u00fablica (SUAP) para serem examinadas e selecionadas por avaliadores. Os interessados devem se atentar aos prazos de cada sele\u00e7\u00e3o e ler cuidadosamente os editais.<\/p>\n\n\n\n<p>O&nbsp;<strong>Programa de Apoio \u00e0 P\u00f3s-Gradua\u00e7\u00e3o recebe inscri\u00e7\u00f5es de 18 a 25 de agosto de 2021 para dois tipos de propostas com equipes verticalizadas: a&nbsp;<\/strong>do tipo A, composta por orientador e bolsistas de mestrado e gradua\u00e7\u00e3o, e a do tipo B, formada por orientador e bolsistas de especializa\u00e7\u00e3o e n\u00edvel m\u00e9dio. As bolsas de mestrado s\u00e3o no valor de R$ 1500,00; as de especializa\u00e7\u00e3o, R$ 1045,00; as de gradua\u00e7\u00e3o t\u00eam o custo de R$ 400,00; e as de n\u00edvel m\u00e9dio, R$ 100,00. Para acessar o edital com as informa\u00e7\u00f5es completas sobre a sele\u00e7\u00e3o, composi\u00e7\u00e3o do projeto, recursos financeiros, al\u00e9m dos anexos, basta visitar a p\u00e1gina do certame no site do IF Baiano (<a href=\"https:\/\/concurso.ifbaiano.edu.br\/portal\/proap-2021\/\">clique aqui<\/a>).<\/p>\n\n\n\n<p>O&nbsp;<strong><a href=\"https:\/\/concurso.ifbaiano.edu.br\/portal\/pibic-08-agosto-2021\/wp-content\/uploads\/sites\/427\/2021\/08\/Edital-105-Chamada-Interna-Propes-08_2021-PIBIC.pdf\">edital n\u00b0 105<\/a>&nbsp;do Programa de Inicia\u00e7\u00e3o Cient\u00edfica<\/strong>&nbsp;conceder\u00e1 bolsas para estudantes de gradua\u00e7\u00e3o, no valor de R$ 400,00. A sele\u00e7\u00e3o recebe submiss\u00f5es entre 23 e 29 de agosto. Para participar, o candidato \u00e0 bolsa precisa preencher os requisitos listados em edital, entre eles: estar regularmente matriculado(a) em cursos de gradua\u00e7\u00e3o do IF Baiano; ter bom desempenho acad\u00eamico, evidenciado pelo hist\u00f3rico escolar, com m\u00e9dia igual ou superior a 5,0 (cinco); poder dedicar 20 (vinte) horas semanais \u00e0s atividades do projeto; n\u00e3o ser beneficiado(a) por outra bolsa de qualquer natureza, est\u00e1gio ou similar, durante a vig\u00eancia da bolsa do CNPq, exceto bolsas do FIES, do PROUNI, de aux\u00edlio-moradia ou similar; entre outros.<\/p>\n\n\n\n<p>O\u00a0<strong><a href=\"https:\/\/concurso.ifbaiano.edu.br\/portal\/pibic-09-agosto-2021\/wp-content\/uploads\/sites\/428\/2021\/08\/Edital-104-Chamada-Interna-Propes-09_2021-PIBIC-AF.pdf\">edital n\u00ba 104<\/a>\u00a0do\u00a0 PIBIC \u2013 A\u00e7\u00f5es Afirmativas\u00a0<\/strong>receber\u00e1 inscri\u00e7\u00f5es no per\u00edodo de 23 a 29 de agosto. O PIBIC \u2013 Af tem como objetivo despertar a voca\u00e7\u00e3o cient\u00edfica e a incentivar talentos potenciais para a pesquisa entre discentes de gradua\u00e7\u00e3o benefici\u00e1rios(as) de a\u00e7\u00f5es afirmativas, em todas as \u00e1reas do conhecimento, mediante a participa\u00e7\u00e3o em projetos de pesquisa orientados por pesquisadores(as) do IF Baiano. O Programa conceder\u00e1 bolsas para estudantes de gradua\u00e7\u00e3o beneficiados por a\u00e7\u00f5es afirmativas, no valor de R$ 400,00. Os interessados, bolsistas e orientadores, devem conferir todos os requisitos dispostos em edital e enviar sua proposta atrav\u00e9s do SUAP.<\/p>\n\n\n\n<hr class=\"wp-block-separator\" \/>\n\n\n\n<p>Mat\u00e9tia ASCOM publicada em: https:\/\/ifbaiano.edu.br\/portal\/blog\/confira-as-novas-chamadas-internas-para-bolsas-de-pesquisa\/<\/p>\n\n\n\n<hr class=\"wp-block-separator\" \/>\n\n\n\n<h3 class=\"wp-block-heading\">Veja tamb\u00e9m:<\/h3>\n\n\n\n<ul><li><a href=\"https:\/\/ifbaiano.edu.br\/portal\/blog\/if-baiano-selecionara-propostas-para-bolsas-de-iniciacao-cientifica-jr-e-tecnologica\/\">IF Baiano selecionar\u00e1 propostas para bolsas de Inicia\u00e7\u00e3o Cient\u00edfica Jr.\u2026<\/a><\/li><\/ul>\n","protected":false},"excerpt":{"rendered":"<p>As sele\u00e7\u00f5es visam fomentar projetos de pesquisa de gradua\u00e7\u00e3o e de p\u00f3s-gradua\u00e7\u00e3o<\/p>\n","protected":false},"author":86,"featured_media":15363,"comment_status":"closed","ping_status":"closed","sticky":false,"template":"","format":"standard","meta":[],"categories":[4,38,5,57],"tags":[],"_links":{"self":[{"href":"https:\/\/www.ifbaiano.edu.br\/unidades\/santaines\/wp-json\/wp\/v2\/posts\/15362"}],"collection":[{"href":"https:\/\/www.ifbaiano.edu.br\/unidades\/santaines\/wp-json\/wp\/v2\/posts"}],"about":[{"href":"https:\/\/www.ifbaiano.edu.br\/unidades\/santaines\/wp-json\/wp\/v2\/types\/post"}],"author":[{"embeddable":true,"href":"https:\/\/www.ifbaiano.edu.br\/unidades\/santaines\/wp-json\/wp\/v2\/users\/86"}],"replies":[{"embeddable":true,"href":"https:\/\/www.ifbaiano.edu.br\/unidades\/santaines\/wp-json\/wp\/v2\/comments?post=15362"}],"version-history":[{"count":1,"href":"https:\/\/www.ifbaiano.edu.br\/unidades\/santaines\/wp-json\/wp\/v2\/posts\/15362\/revisions"}],"predecessor-version":[{"id":15364,"href":"https:\/\/www.ifbaiano.edu.br\/unidades\/santaines\/wp-json\/wp\/v2\/posts\/15362\/revisions\/15364"}],"wp:featuredmedia":[{"embeddable":true,"href":"https:\/\/www.ifbaiano.edu.br\/unidades\/santaines\/wp-json\/wp\/v2\/media\/15363"}],"wp:attachment":[{"href":"https:\/\/www.ifbaiano.edu.br\/unidades\/santaines\/wp-json\/wp\/v2\/media?parent=15362"}],"wp:term":[{"taxonomy":"category","embeddable":true,"href":"https:\/\/www.ifbaiano.edu.br\/unidades\/santaines\/wp-json\/wp\/v2\/categories?post=15362"},{"taxonomy":"post_tag","embeddable":true,"href":"https:\/\/www.ifbaiano.edu.br\/unidades\/santaines\/wp-json\/wp\/v2\/tags?post=15362"}],"curies":[{"name":"wp","href":"https:\/\/api.w.org\/{rel}","templated":true}]}}