{"id":15379,"date":"2021-10-19T08:13:00","date_gmt":"2021-10-19T11:13:00","guid":{"rendered":"https:\/\/www.ifbaiano.edu.br\/unidades\/santaines\/?p=15379"},"modified":"2021-10-28T09:39:02","modified_gmt":"2021-10-28T12:39:02","slug":"processo-seletivo-2021-vagas-remanescentes-para-cursos-tecnicos-em-agropecuaria-alimentos-e-zootecnia","status":"publish","type":"post","link":"https:\/\/www.ifbaiano.edu.br\/unidades\/santaines\/processo-seletivo-2021-vagas-remanescentes-para-cursos-tecnicos-em-agropecuaria-alimentos-e-zootecnia\/","title":{"rendered":"Processo seletivo 2021: vagas remanescentes para Cursos T\u00e9cnicos em Agropecu\u00e1ria, Alimentos e Zootecnia"},"content":{"rendered":"\n<p>O Instituto Federal Baiano (IF Baiano) \u2013&nbsp;<em>Campus<\/em>&nbsp;Santa In\u00eas, publicou edital de vagas remanescentes do Processo Seletivo 2021.&nbsp;S\u00e3o 149 vagas:&nbsp;55 para t\u00e9cnico em agropecu\u00e1ria (integrado), 49 para t\u00e9cnico em alimentos (integrado) e 45 para t\u00e9cnico em zootecnia (integrado). As inscri\u00e7\u00f5es que inicialmente estavam previstas para o per\u00edodo de 26 de agosto a 09 de&nbsp;setembro, foram prorrogadas para 22 de outubro, pelo <a href=\"http:\/\/Edital de Retifica\u00e7\u00e3o N\u00ba 12\">Edital de retifica\u00e7\u00e3o 12\/2021<\/a>.<\/p>\n\n\n\n<p>A sele\u00e7\u00e3o est\u00e1 sendo realizada&nbsp;<strong>EXCLUSIVAMENTE<\/strong>&nbsp;de forma eletr\u00f4nica, mediante manifesta\u00e7\u00e3o&nbsp;<strong>on-line<\/strong>&nbsp;de interesse na vaga, de 8h do dia&nbsp;26 de agosto&nbsp;\u00e0s 17h do dia&nbsp;&nbsp;22 de outubro&nbsp;de 2021, por meio de preenchimento da declara\u00e7\u00e3o constante no edital e encaminhamento, junto com a documenta\u00e7\u00e3o de matr\u00edcula,&nbsp;para o e-mail:&nbsp;prosel@si.ifbaiano.edu.br<em>.<\/em> A classifica\u00e7\u00e3o e sele\u00e7\u00e3o dos(as)&nbsp;candidatos(as) dar-se-\u00e1 por meio de ordem de chegada dos e-mails, conforme indicado em cronograma. A matr\u00edcula dos(as) candidatos tamb\u00e9m ser\u00e1 realizada&nbsp;<strong>EXCLUSIVAMENTE<\/strong>&nbsp;de forma eletr\u00f4nica, ap\u00f3s a confer\u00eancia da documenta\u00e7\u00e3o exigida no no Edital.&nbsp;<\/p>\n\n\n\n<p>Os documentos encaminhados dever\u00e3o estar, preferencialmente, no formato PDF (em arquivo \u00fanico), com o assunto do e-mail: <strong>EDITAL DE MANIFESTA\u00c7\u00c3O DE INTERESSE &#8211; INTEGRADO<\/strong><\/p>\n\n\n\n<p>Ap\u00f3s o retorno presencial das atividades, os(as) candidatos(as) matriculados(as) ser\u00e3o convocados(as) para apresenta\u00e7\u00e3o da documenta\u00e7\u00e3o original comprobat\u00f3ria. Esse procedimento ocorrer\u00e1 presencialmente, no campus Santa In\u00eas, diretamente na Secret\u00e1ria de Registros Acad\u00eamicos &#8211; SRA, onde o(a) servidor(a) far\u00e1 a confer\u00eancia dos documentos enviados por e-mail em compara\u00e7\u00e3o aos originais.<\/p>\n\n\n\n<p>\u00c9 imprescind\u00edvel a leitura minuciosa do edital e de todos os documentos publicados sobre o processo seletivo que est\u00e3o dispon\u00edveis na <a href=\"https:\/\/concurso.ifbaiano.edu.br\/portal\/vagas-integrado-santa-ines-agosto-2021\/\">p\u00e1gina de concurso<\/a>. As d\u00favidas ou informa\u00e7\u00f5es adicionais devem ser encaminhadas para o e-mail: prosel@si.ifbaiano.edu.br.<\/p>\n\n\n\n<ul><li><strong><a href=\"https:\/\/concurso.ifbaiano.edu.br\/portal\/vagas-integrado-santa-ines-agosto-2021\/wp-content\/uploads\/sites\/432\/2021\/08\/Edital-No-03-2021_Vagas-Remanescentes.pdf\">Edital<\/a><\/strong><\/li><li><a rel=\"noreferrer noopener\" target=\"_blank\" href=\"https:\/\/concurso.ifbaiano.edu.br\/portal\/vagas-integrado-santa-ines-agosto-2021\/wp-content\/uploads\/sites\/432\/2021\/08\/Edital-de-Retificacao-No-04_2021.pdf\"><strong>Edital de Retifica\u00e7\u00e3o n\u00ba 04<\/strong><\/a><\/li><li><strong><a href=\"https:\/\/www.ifbaiano.edu.br\/unidades\/santaines\/files\/2021\/08\/FICHA-DE-INSCRICAO-ANEXO-II-Cursos-Integrados.pdf\">Ficha de Inscri\u00e7\u00e3o &#8211; Anexo II do Edital<\/a><\/strong><\/li><li><strong><a href=\"https:\/\/www.ifbaiano.edu.br\/unidades\/santaines\/files\/2021\/09\/Edital-de-Retificacao-no-6_2021-de-09-de-setembro-de-2021.pdf\">Edital de Retifica\u00e7\u00e3o n\u00ba 06\/2021<\/a><\/strong><\/li><li><a rel=\"noreferrer noopener\" target=\"_blank\" href=\"https:\/\/concurso.ifbaiano.edu.br\/portal\/vagas-integrado-santa-ines-agosto-2021\/wp-content\/uploads\/sites\/432\/2021\/10\/Edital-de-Retificacao-No-12_2021-de-01-de-outubro-de-2021.pdf\"><strong>Edital de Retifica\u00e7\u00e3o N\u00ba 12<\/strong><\/a><\/li><li><strong><a rel=\"noreferrer noopener\" target=\"_blank\" href=\"https:\/\/concurso.ifbaiano.edu.br\/portal\/vagas-integrado-santa-ines-agosto-2021\/wp-content\/uploads\/sites\/432\/2021\/10\/LISTAS-DE-MATRICULADOS-E-ESPERA.pdf\">Lista de Matriculados e Espera<\/a><\/strong><\/li><li><a rel=\"noreferrer noopener\" target=\"_blank\" href=\"https:\/\/concurso.ifbaiano.edu.br\/portal\/vagas-integrado-santa-ines-agosto-2021\/wp-content\/uploads\/sites\/432\/2021\/10\/LISTAS-II-PRELIMINAR-INTEGRADO.pdf\"><strong>Lista II de matriculados e espera \u2013 Resultado Preliminar<\/strong><\/a><\/li><li><a rel=\"noreferrer noopener\" target=\"_blank\" href=\"https:\/\/concurso.ifbaiano.edu.br\/portal\/vagas-integrado-santa-ines-agosto-2021\/wp-content\/uploads\/sites\/432\/2021\/10\/LISTAS-POS-RECURSO-EDITAL-12-2021.pdf\"><strong>Lista II de matriculados e espera p\u00f3s recursos<\/strong><\/a><\/li><\/ul>\n\n\n\n<hr class=\"wp-block-separator\" \/>\n\n\n\n<p><em>Esta mat\u00e9ria tem car\u00e1ter informativo.<\/em><\/p>\n\n\n\n<p><em>\u00c9 permitida a reprodu\u00e7\u00e3o mediante cita\u00e7\u00e3o da fonte.<\/em><\/p>\n\n\n\n<hr class=\"wp-block-separator\" \/>\n\n\n\n<p><\/p>\n","protected":false},"excerpt":{"rendered":"<p>A sele\u00e7\u00e3o ser\u00e1 mediante manifesta\u00e7\u00e3o on-line de interesse na vaga, de 8h do dia 26 de agosto \u00e0s 17h do dia  22 de outubro de 2021.<\/p>\n","protected":false},"author":86,"featured_media":15231,"comment_status":"closed","ping_status":"closed","sticky":false,"template":"","format":"standard","meta":[],"categories":[4,13,8,57],"tags":[],"_links":{"self":[{"href":"https:\/\/www.ifbaiano.edu.br\/unidades\/santaines\/wp-json\/wp\/v2\/posts\/15379"}],"collection":[{"href":"https:\/\/www.ifbaiano.edu.br\/unidades\/santaines\/wp-json\/wp\/v2\/posts"}],"about":[{"href":"https:\/\/www.ifbaiano.edu.br\/unidades\/santaines\/wp-json\/wp\/v2\/types\/post"}],"author":[{"embeddable":true,"href":"https:\/\/www.ifbaiano.edu.br\/unidades\/santaines\/wp-json\/wp\/v2\/users\/86"}],"replies":[{"embeddable":true,"href":"https:\/\/www.ifbaiano.edu.br\/unidades\/santaines\/wp-json\/wp\/v2\/comments?post=15379"}],"version-history":[{"count":9,"href":"https:\/\/www.ifbaiano.edu.br\/unidades\/santaines\/wp-json\/wp\/v2\/posts\/15379\/revisions"}],"predecessor-version":[{"id":15681,"href":"https:\/\/www.ifbaiano.edu.br\/unidades\/santaines\/wp-json\/wp\/v2\/posts\/15379\/revisions\/15681"}],"wp:featuredmedia":[{"embeddable":true,"href":"https:\/\/www.ifbaiano.edu.br\/unidades\/santaines\/wp-json\/wp\/v2\/media\/15231"}],"wp:attachment":[{"href":"https:\/\/www.ifbaiano.edu.br\/unidades\/santaines\/wp-json\/wp\/v2\/media?parent=15379"}],"wp:term":[{"taxonomy":"category","embeddable":true,"href":"https:\/\/www.ifbaiano.edu.br\/unidades\/santaines\/wp-json\/wp\/v2\/categories?post=15379"},{"taxonomy":"post_tag","embeddable":true,"href":"https:\/\/www.ifbaiano.edu.br\/unidades\/santaines\/wp-json\/wp\/v2\/tags?post=15379"}],"curies":[{"name":"wp","href":"https:\/\/api.w.org\/{rel}","templated":true}]}}