{"id":15403,"date":"2021-08-30T13:10:41","date_gmt":"2021-08-30T16:10:41","guid":{"rendered":"https:\/\/www.ifbaiano.edu.br\/unidades\/santaines\/?p=15403"},"modified":"2021-09-08T09:28:16","modified_gmt":"2021-09-08T12:28:16","slug":"campus-santa-ines-realiza-primeira-reuniao-com-responsaveis-dos-alunos-ingressantes-2021","status":"publish","type":"post","link":"https:\/\/www.ifbaiano.edu.br\/unidades\/santaines\/campus-santa-ines-realiza-primeira-reuniao-com-responsaveis-dos-alunos-ingressantes-2021\/","title":{"rendered":"Campus Santa In\u00eas realiza primeira reuni\u00e3o com respons\u00e1veis dos alunos ingressantes 2021"},"content":{"rendered":"\n<p>O Campus Santa In\u00eas realiza hoje (08), a primeira reuni\u00e3o com os pais e respons\u00e1veis dos alunos ingressantes, j\u00e1 matriculados do ano de 2021, nos cursos T\u00e9cnicos Integrados de Agropecu\u00e1ria, Alimentos e Zootecnia.<\/p>\n\n\n\n<p>A reuni\u00e3o acontece de forma virtual, pelo Google Meet, \u00e0s 14h. O objetivo deste encontro virtual \u00e9 passar as primeiras orienta\u00e7\u00f5es sobre as aulas e funcionamento da institui\u00e7\u00e3o. Acesse <strong><a href=\"https:\/\/meet.google.com\/tgh-vxtf-cjc\">AQUI<\/a><\/strong> o link de acesso \u00e0 plataforma.<\/p>\n\n\n\n<p>Os estudantes que est\u00e3o se matriculando nas Vagas Remanescentes&nbsp;ter\u00e3o uma reuni\u00e3o em outro momento para essas orienta\u00e7\u00f5es.<\/p>\n\n\n\n<figure class=\"wp-block-image size-full is-resized\"><a href=\"https:\/\/www.ifbaiano.edu.br\/unidades\/santaines\/files\/2021\/08\/card-reuniao-pais-santa-ines-27-08-2021.png\"><img decoding=\"async\" loading=\"lazy\" src=\"https:\/\/www.ifbaiano.edu.br\/unidades\/santaines\/files\/2021\/08\/card-reuniao-pais-santa-ines-27-08-2021.png\" alt=\"\" class=\"wp-image-15404\" width=\"729\" height=\"729\" \/><\/a><\/figure>\n\n\n\n<hr class=\"wp-block-separator\" \/>\n","protected":false},"excerpt":{"rendered":"<p>O Campus Santa In\u00eas realiza hoje (08), a primeira reuni\u00e3o com os pais e respons\u00e1veis dos alunos ingressantes, j\u00e1 matriculados do ano de 2021, nos cursos T\u00e9cnicos Integrados de Agropecu\u00e1ria, Alimentos e Zootecnia. A reuni\u00e3o acontece de forma virtual, pelo Google Meet, \u00e0s 14h. O objetivo deste encontro virtual \u00e9 passar as primeiras orienta\u00e7\u00f5es sobre [&hellip;]<\/p>\n","protected":false},"author":86,"featured_media":0,"comment_status":"closed","ping_status":"closed","sticky":false,"template":"","format":"standard","meta":[],"categories":[4,19,5,57],"tags":[],"_links":{"self":[{"href":"https:\/\/www.ifbaiano.edu.br\/unidades\/santaines\/wp-json\/wp\/v2\/posts\/15403"}],"collection":[{"href":"https:\/\/www.ifbaiano.edu.br\/unidades\/santaines\/wp-json\/wp\/v2\/posts"}],"about":[{"href":"https:\/\/www.ifbaiano.edu.br\/unidades\/santaines\/wp-json\/wp\/v2\/types\/post"}],"author":[{"embeddable":true,"href":"https:\/\/www.ifbaiano.edu.br\/unidades\/santaines\/wp-json\/wp\/v2\/users\/86"}],"replies":[{"embeddable":true,"href":"https:\/\/www.ifbaiano.edu.br\/unidades\/santaines\/wp-json\/wp\/v2\/comments?post=15403"}],"version-history":[{"count":4,"href":"https:\/\/www.ifbaiano.edu.br\/unidades\/santaines\/wp-json\/wp\/v2\/posts\/15403\/revisions"}],"predecessor-version":[{"id":15417,"href":"https:\/\/www.ifbaiano.edu.br\/unidades\/santaines\/wp-json\/wp\/v2\/posts\/15403\/revisions\/15417"}],"wp:attachment":[{"href":"https:\/\/www.ifbaiano.edu.br\/unidades\/santaines\/wp-json\/wp\/v2\/media?parent=15403"}],"wp:term":[{"taxonomy":"category","embeddable":true,"href":"https:\/\/www.ifbaiano.edu.br\/unidades\/santaines\/wp-json\/wp\/v2\/categories?post=15403"},{"taxonomy":"post_tag","embeddable":true,"href":"https:\/\/www.ifbaiano.edu.br\/unidades\/santaines\/wp-json\/wp\/v2\/tags?post=15403"}],"curies":[{"name":"wp","href":"https:\/\/api.w.org\/{rel}","templated":true}]}}