{"id":15412,"date":"2021-10-04T20:07:00","date_gmt":"2021-10-04T23:07:00","guid":{"rendered":"https:\/\/www.ifbaiano.edu.br\/unidades\/santaines\/?p=15412"},"modified":"2021-10-08T16:12:11","modified_gmt":"2021-10-08T19:12:11","slug":"processo-seletivo-para-professor-substituto-filosofia","status":"publish","type":"post","link":"https:\/\/www.ifbaiano.edu.br\/unidades\/santaines\/processo-seletivo-para-professor-substituto-filosofia\/","title":{"rendered":"Processo Seletivo para Professor Substituto \u2013 Filosofia"},"content":{"rendered":"\n<p>Est\u00e3o abertas, a partir do dia 06\/09 at\u00e9 as 23h59min do dia 17 de setembro de 2021, as inscri\u00e7\u00f5es do processo seletivo simplificado para contrata\u00e7\u00e3o de Professor Substituto  no Instituto Federal de Educa\u00e7\u00e3o, Ci\u00eancia e Tecnologia Baiano \u2013&nbsp;<em>Campus<\/em>&nbsp;Santa In\u00eas.<\/p>\n\n\n\n<p>A sele\u00e7\u00e3o ser\u00e1 de 01 (uma) vaga para professor da \u00e1rea de filosofia e com o tempo de contrato de at\u00e9 12 meses, podendo ser prorrogado por igual per\u00edodo. Para participar, os interessados devem observar os requisitos e documentos exigidos no <a href=\"https:\/\/concurso.ifbaiano.edu.br\/portal\/substituto-filosofia-santa-ines-agosto-2021\/wp-content\/uploads\/sites\/450\/2021\/09\/Edital-no120-de-30.08.2021-Substituto-de-Filosofia.pdf\">Edital n\u00b0 120, de 30 de agosto de 2021<\/a>.<\/p>\n\n\n\n<p>O processo seletivo ser\u00e1 realizado em etapas distintas, constitu\u00eddas de Prova de Desempenho Did\u00e1tico-pedag\u00f3gico, de car\u00e1ter eliminat\u00f3rio e classificat\u00f3rio, e Prova de T\u00edtulos, de car\u00e1ter classificat\u00f3rio. Os candidatos selecionados ir\u00e3o ocupar cargo de Professor Substituto da categoria funcional de Professor de Ensino B\u00e1sico, T\u00e9cnico e Tecnol\u00f3gico, Classe DI, N\u00edvel 01, em regime tempor\u00e1rio, com exerc\u00edcio no Campus Santa In\u00eas.<\/p>\n\n\n\n<p>A Prova de Desempenho Did\u00e1tico (realizada por meio de videoconfer\u00eancia \u2013 Google Meet \u2013 e gravada) ser\u00e1 realizada com base no programa da \u00e1rea (pontos), conforme exposto no Anexo II do edital e envolver\u00e1 aspectos te\u00f3ricos, pr\u00e1ticos e did\u00e1tico-pedag\u00f3gicos, entre os dias 28\/09\/2021 e 29\/09\/2021,<br>podendo ser estendido a dias subsequentes caso haja um elevado n\u00famero de inscritos.<\/p>\n\n\n\n<p>Para efetuar a inscri\u00e7\u00e3o, o(a) candidato(a) dever\u00e1 preencher completamente e assinar a ficha de inscri\u00e7\u00e3o e encaminhar, via e-mail, juntamente com os documentos (digitalizados) descritos no edital, em documento \u00fanico, exclusivamente no formato PDF, para o endere\u00e7o selecao.professor@si.ifbaiano.edu.br.<\/p>\n\n\n\n<p>A <a href=\"https:\/\/concurso.ifbaiano.edu.br\/portal\/substituto-filosofia-santa-ines-agosto-2021\/\">P\u00e1gina do Processo Seletivo&nbsp;<\/a>dever\u00e1 ser acessada para maiores informa\u00e7\u00f5es e acompanhamento do certame.<\/p>\n\n\n\n<p>Documentos dos Processo:<\/p>\n\n\n\n<p><a rel=\"noreferrer noopener\" target=\"_blank\" href=\"https:\/\/concurso.ifbaiano.edu.br\/portal\/substituto-filosofia-santa-ines-agosto-2021\/wp-content\/uploads\/sites\/450\/2021\/09\/Edital-no120-de-30.08.2021-Substituto-de-Filosofia.pdf\">Edital n\u00ba 120\/2021<\/a><\/p>\n\n\n\n<p><a rel=\"noreferrer noopener\" target=\"_blank\" href=\"https:\/\/concurso.ifbaiano.edu.br\/portal\/substituto-filosofia-santa-ines-agosto-2021\/wp-content\/uploads\/sites\/450\/2021\/09\/Homologacao-Preliminar-das-Inscricoes-Edital-120.2021.pdf\">Homologa\u00e7\u00e3o Preliminar das Inscri\u00e7\u00f5es<\/a><\/p>\n\n\n\n<p><a rel=\"noreferrer noopener\" target=\"_blank\" href=\"https:\/\/concurso.ifbaiano.edu.br\/portal\/substituto-filosofia-santa-ines-agosto-2021\/wp-content\/uploads\/sites\/450\/2021\/09\/RETIFICACAO-da-Homologacao-Preliminar-das-Inscricoes-Edital-120.2021.pdf\">RETIFICA\u00c7\u00c3O Homologa\u00e7\u00e3o Preliminar das Inscri\u00e7\u00f5es<\/a><\/p>\n\n\n\n<p><a rel=\"noreferrer noopener\" target=\"_blank\" href=\"https:\/\/concurso.ifbaiano.edu.br\/portal\/substituto-filosofia-santa-ines-agosto-2021\/wp-content\/uploads\/sites\/450\/2021\/09\/Resultado-dos-Recursos.pdf\">Resultado dos Recursos<\/a><\/p>\n\n\n\n<p><a rel=\"noreferrer noopener\" target=\"_blank\" href=\"https:\/\/concurso.ifbaiano.edu.br\/portal\/substituto-filosofia-santa-ines-agosto-2021\/wp-content\/uploads\/sites\/450\/2021\/09\/Dia-e-horario-do-Sorteio-do-Ponto.pdf\">Dia e hor\u00e1rio do Sorteio do Ponto<\/a><\/p>\n\n\n\n<p><a rel=\"noreferrer noopener\" target=\"_blank\" href=\"https:\/\/concurso.ifbaiano.edu.br\/portal\/substituto-filosofia-santa-ines-agosto-2021\/wp-content\/uploads\/sites\/450\/2021\/10\/RESULTADO-PRELIMINAR-EDITAL-No-120-DE-30-DE-AGOSTO-DE-2021-FILOSOFIA.pdf\">Resultado Preliminar<\/a><\/p>\n\n\n\n<p><a rel=\"noreferrer noopener\" target=\"_blank\" href=\"https:\/\/concurso.ifbaiano.edu.br\/portal\/substituto-filosofia-santa-ines-agosto-2021\/wp-content\/uploads\/sites\/450\/2021\/10\/RETIFICACAO-DO-RESULTADO-PRELIMINAR-EDITAL-No-120-DE-30-DE-AGOSTO-DE-2021-FILOSOFIA.pdf\">RETIFICA\u00c7\u00c3O Resultado Preliminar<\/a><\/p>\n\n\n\n<p><a rel=\"noreferrer noopener\" target=\"_blank\" href=\"https:\/\/concurso.ifbaiano.edu.br\/portal\/substituto-filosofia-santa-ines-agosto-2021\/wp-content\/uploads\/sites\/450\/2021\/10\/RETIFICACAO-01-ANEXO-VI-CRONOGRAMA-EDITAL-No120.2021-FILOSOFIA.pdf\">RETIFICA\u00c7\u00c3O 01 \u2013 Anexo VI \u2013 Cronograma<\/a><\/p>\n\n\n\n<p><a rel=\"noreferrer noopener\" target=\"_blank\" href=\"https:\/\/concurso.ifbaiano.edu.br\/portal\/substituto-filosofia-santa-ines-agosto-2021\/wp-content\/uploads\/sites\/450\/2021\/10\/RESULTADO-FINAL-EDITAL-No-120-DE-30-DE-AGOSTO-DE-2021-FILOSOFIA.pdf\">Resultado Final<\/a><\/p>\n\n\n\n<hr class=\"wp-block-separator\" \/>\n","protected":false},"excerpt":{"rendered":"<p>Inscri\u00e7\u00f5es de 06 a 17 de setembro<\/p>\n","protected":false},"author":86,"featured_media":0,"comment_status":"closed","ping_status":"closed","sticky":false,"template":"","format":"standard","meta":[],"categories":[4,8,57],"tags":[],"_links":{"self":[{"href":"https:\/\/www.ifbaiano.edu.br\/unidades\/santaines\/wp-json\/wp\/v2\/posts\/15412"}],"collection":[{"href":"https:\/\/www.ifbaiano.edu.br\/unidades\/santaines\/wp-json\/wp\/v2\/posts"}],"about":[{"href":"https:\/\/www.ifbaiano.edu.br\/unidades\/santaines\/wp-json\/wp\/v2\/types\/post"}],"author":[{"embeddable":true,"href":"https:\/\/www.ifbaiano.edu.br\/unidades\/santaines\/wp-json\/wp\/v2\/users\/86"}],"replies":[{"embeddable":true,"href":"https:\/\/www.ifbaiano.edu.br\/unidades\/santaines\/wp-json\/wp\/v2\/comments?post=15412"}],"version-history":[{"count":10,"href":"https:\/\/www.ifbaiano.edu.br\/unidades\/santaines\/wp-json\/wp\/v2\/posts\/15412\/revisions"}],"predecessor-version":[{"id":15578,"href":"https:\/\/www.ifbaiano.edu.br\/unidades\/santaines\/wp-json\/wp\/v2\/posts\/15412\/revisions\/15578"}],"wp:attachment":[{"href":"https:\/\/www.ifbaiano.edu.br\/unidades\/santaines\/wp-json\/wp\/v2\/media?parent=15412"}],"wp:term":[{"taxonomy":"category","embeddable":true,"href":"https:\/\/www.ifbaiano.edu.br\/unidades\/santaines\/wp-json\/wp\/v2\/categories?post=15412"},{"taxonomy":"post_tag","embeddable":true,"href":"https:\/\/www.ifbaiano.edu.br\/unidades\/santaines\/wp-json\/wp\/v2\/tags?post=15412"}],"curies":[{"name":"wp","href":"https:\/\/api.w.org\/{rel}","templated":true}]}}