{"id":15425,"date":"2021-09-20T09:01:00","date_gmt":"2021-09-20T12:01:00","guid":{"rendered":"https:\/\/www.ifbaiano.edu.br\/unidades\/santaines\/?p=15425"},"modified":"2021-09-22T07:37:37","modified_gmt":"2021-09-22T10:37:37","slug":"campus-santa-ines-faz-selecao-para-ingresso-de-estudantes-em-cursos-tecnicos-subsequentes-ead","status":"publish","type":"post","link":"https:\/\/www.ifbaiano.edu.br\/unidades\/santaines\/campus-santa-ines-faz-selecao-para-ingresso-de-estudantes-em-cursos-tecnicos-subsequentes-ead\/","title":{"rendered":"Campus Santa In\u00eas faz sele\u00e7\u00e3o para ingresso de estudantes em cursos T\u00e9cnicos subsequentes EaD"},"content":{"rendered":"\n<p>O IF Baiano &#8211; Campus Santa In\u00eas publica o <a href=\"https:\/\/www.ifbaiano.edu.br\/unidades\/santaines\/files\/2021\/09\/Edital.pdf\">Edital n\u00ba 5\/2021<\/a>, de&nbsp;08 de setembro&nbsp;de 2021 que trata sobre Processo Seletivo de Vagas Remanescentes&nbsp;para ingresso de estudantes nos cursos da Educa\u00e7\u00e3o Profissional T\u00e9cnica de n\u00edvel m\u00e9dio, na forma subsequente ao Ensino M\u00e9dio &#8211; Modalidade EaD, por meio<br>de Manifesta\u00e7\u00e3o de Interesse na Vaga, atrav\u00e9s de Edital de fluxo cont\u00ednuo. A sele\u00e7\u00e3o ser\u00e1 realizada EXCLUSIVAMENTE de forma eletr\u00f4nica, no per\u00edodo de 13 a 17 de setembro de 2021, mediante manifesta\u00e7\u00e3o on-line de interesse na vaga.<\/p>\n\n\n\n<p>Para ingressar nos cursos t\u00e9cnicos na forma subsequente ao Ensino M\u00e9dio EAD do IF Baiano, o(a) candidato(a) precisa ter conclu\u00eddo o Ensino M\u00e9dio at\u00e9 o dia da matr\u00edcula. Esses(as) candidatos(as) dever\u00e3o manifestar interesse na vaga, atrav\u00e9s do encaminhamento de e-mail para  prosel@si.ifbaiano.edu.br com a <a href=\"https:\/\/www.ifbaiano.edu.br\/unidades\/santaines\/files\/2021\/09\/ANEXO-II.pdf\">declara\u00e7\u00e3o<\/a> que dever\u00e1 estar preenchida e assinada, os seguintes documentos: <br>&#8211; Documento de Identifica\u00e7\u00e3o, conforme disposto no edital;<br>&#8211; CPF;<br>&#8211; Certid\u00e3o de Nascimento ou casamento;<br>&#8211; Certificado de Conclus\u00e3o e Hist\u00f3rico Escolar do Ensino M\u00e9dio ou Certificado de conclus\u00e3o do ensino m\u00e9dio por meio do desempenho no ENEM ou ENCCEJA. Quando oriundo de pa\u00edses estrangeiros, este documento dever\u00e1 estar revalidado e devidamente acompanhado da respectiva tradu\u00e7\u00e3o juramentada.<br>&#8211; Grupo sangu\u00edneo do sistema ABO e fator RH;<br>&#8211; Cart\u00e3o de vacina\u00e7\u00e3o constando vacina contra t\u00e9tano nos \u00faltimos dez anos, devidamente assinada pelo agente de sa\u00fade;<br>&#8211; Cart\u00e3o do SUS;<br>&#8211; Comprovante de resid\u00eancia do ano corrente ou declara\u00e7\u00e3o de domic\u00edlio;<br>&#8211; Certificado de Quita\u00e7\u00e3o do Servi\u00e7o Militar (para candidatos do sexo masculino a partir dos 18 anos);<br>&#8211; Quita\u00e7\u00e3o da Justi\u00e7a Eleitoral para candidatos maiores de 18 anos (dispon\u00edvel em: https:\/\/www.tre-ba.jus.br\/eleitor\/certidoes\/certidao-de-quitacaoeleitoral);<br>&#8211; RG e CPF do(a) respons\u00e1vel (se o(a) candidato(a) for menor de 18 anos);<br>&#8211; 01 foto 3\u00d74 (recente).<\/p>\n\n\n\n<p>Os arquivos encaminhados dever\u00e3o estar preferencialmente no formato PDF (em arquivo \u00fanico), com o assunto do e-mail: EDITAL DE MANIFESTA\u00c7\u00c3O DE INTERESSE \u2013 SUBSEQUENTE EAD.<\/p>\n\n\n\n<p>Est\u00e3o sendo disponibilizadas 119 vagas. Sendo: 39 vagas para o Curso de Multimeios Did\u00e1ticos na cidade de Santa In\u00eas; 40 vagas  para o Curso de Multimeios Did\u00e1ticos na cidade de Marac\u00e1s e 40 vagas  para o Curso de Vendas na cidade de Marac\u00e1s.  <\/p>\n\n\n\n<p>D\u00favidas devem ser encaminhadas para o e-mail: <a href=\"mailto:prosel.bonfim@bonfim.ifbaiano.edu.br\">prosel@si.ifbaiano.edu.br<\/a><\/p>\n\n\n\n<p>Acompanhe as etapas do Processo:<\/p>\n\n\n\n<p>20\/09 &#8211; <a href=\"https:\/\/www.ifbaiano.edu.br\/unidades\/santaines\/files\/2021\/09\/Resultado-Preliminar-EAD-Santa-Ines.pdf\">Resultado Preliminar<\/a><\/p>\n\n\n\n<p>22\/09 &#8211; <a rel=\"noreferrer noopener\" target=\"_blank\" href=\"https:\/\/concurso.ifbaiano.edu.br\/portal\/vagas-subsequente-santa-ines-setembro-2021\/wp-content\/uploads\/sites\/458\/2021\/09\/Resultado-EAD-Santa-Ines.pdf\">Resultado Final<\/a><\/p>\n\n\n\n<hr class=\"wp-block-separator\" \/>\n","protected":false},"excerpt":{"rendered":"<p>A sele\u00e7\u00e3o ser\u00e1 realizada exclusivamente de forma eletr\u00f4nica, no per\u00edodo de 13 a 17 de setembro de 2021,<\/p>\n","protected":false},"author":86,"featured_media":15231,"comment_status":"closed","ping_status":"closed","sticky":false,"template":"","format":"standard","meta":[],"categories":[4,13,5,57],"tags":[],"_links":{"self":[{"href":"https:\/\/www.ifbaiano.edu.br\/unidades\/santaines\/wp-json\/wp\/v2\/posts\/15425"}],"collection":[{"href":"https:\/\/www.ifbaiano.edu.br\/unidades\/santaines\/wp-json\/wp\/v2\/posts"}],"about":[{"href":"https:\/\/www.ifbaiano.edu.br\/unidades\/santaines\/wp-json\/wp\/v2\/types\/post"}],"author":[{"embeddable":true,"href":"https:\/\/www.ifbaiano.edu.br\/unidades\/santaines\/wp-json\/wp\/v2\/users\/86"}],"replies":[{"embeddable":true,"href":"https:\/\/www.ifbaiano.edu.br\/unidades\/santaines\/wp-json\/wp\/v2\/comments?post=15425"}],"version-history":[{"count":3,"href":"https:\/\/www.ifbaiano.edu.br\/unidades\/santaines\/wp-json\/wp\/v2\/posts\/15425\/revisions"}],"predecessor-version":[{"id":15491,"href":"https:\/\/www.ifbaiano.edu.br\/unidades\/santaines\/wp-json\/wp\/v2\/posts\/15425\/revisions\/15491"}],"wp:featuredmedia":[{"embeddable":true,"href":"https:\/\/www.ifbaiano.edu.br\/unidades\/santaines\/wp-json\/wp\/v2\/media\/15231"}],"wp:attachment":[{"href":"https:\/\/www.ifbaiano.edu.br\/unidades\/santaines\/wp-json\/wp\/v2\/media?parent=15425"}],"wp:term":[{"taxonomy":"category","embeddable":true,"href":"https:\/\/www.ifbaiano.edu.br\/unidades\/santaines\/wp-json\/wp\/v2\/categories?post=15425"},{"taxonomy":"post_tag","embeddable":true,"href":"https:\/\/www.ifbaiano.edu.br\/unidades\/santaines\/wp-json\/wp\/v2\/tags?post=15425"}],"curies":[{"name":"wp","href":"https:\/\/api.w.org\/{rel}","templated":true}]}}