{"id":15439,"date":"2021-09-28T16:25:00","date_gmt":"2021-09-28T19:25:00","guid":{"rendered":"https:\/\/www.ifbaiano.edu.br\/unidades\/santaines\/?p=15439"},"modified":"2021-09-28T16:26:45","modified_gmt":"2021-09-28T19:26:45","slug":"campus-santa-ines-abre-inscricoes-para-o-programa-de-residencia-agricola","status":"publish","type":"post","link":"https:\/\/www.ifbaiano.edu.br\/unidades\/santaines\/campus-santa-ines-abre-inscricoes-para-o-programa-de-residencia-agricola\/","title":{"rendered":"Campus Santa In\u00eas abre inscri\u00e7\u00f5es para o Programa de Resid\u00eancia Agr\u00edcola"},"content":{"rendered":"\n<p>O Campus Santa In\u00eas do IF Baiano publica <a href=\"https:\/\/www.ifbaiano.edu.br\/unidades\/santaines\/files\/2021\/09\/EDITAL-No-7_2021-de-09-de-setembro-de-2021.pdf\">Edital n\u00ba 7\/2021, de 09 de setembro de 2021<\/a> de Sele\u00e7\u00e3o de Residentes do Curso T\u00e9cnico em Agropecu\u00e1ria vinculados ao PRONERA\/IF Baiano para o Programa Resid\u00eancia Agr\u00edcola fomentado pelo Minist\u00e9rio de Agricultura e do Abastecimento (MAPA) por meio do Projeto Cadeia Produtiva do Licuri.<\/p>\n\n\n\n<p>Est\u00e3o abertas 05 (cinco) vagas de residentes-bolsistas e 03 (tr\u00eas) vagas de residentes n\u00e3o bolsistas, conforme classifica\u00e7\u00e3o dos candidatos aptos. Para ser candidato \u00e0 monitoria, o estudante dever\u00e1 estar regularmente matriculado no Curso FIC, ao qual a Resid\u00eancia Agr\u00edcola mant\u00e9m aproxima\u00e7\u00e3o tem\u00e1tica, ou seja, Lavouras Xer\u00f3filas, al\u00e9m de ter conclu\u00eddo, com \u00eaxito, os componentes curriculares do Curso T\u00e9cnico em Agropecu\u00e1ria, advindo do Programa de Educa\u00e7\u00e3o na Reforma Agr\u00e1ria (Pronera) IF Baiano e EFASE, das EFA ou do pr\u00f3prio IF Baiano e, tamb\u00e9m, ter disponibilidade de ser residente em regime de carga hor\u00e1ria de 40 (quarenta) horas semanais, durante 8 (oito) meses.<\/p>\n\n\n\n<p>As inscri\u00e7\u00f5es no Processo Seletivo ser\u00e3o realizadas, no per\u00edodo de 16 a 19 de setembro de 2021, via e-mail: xerofilas.cnpq@gmail.com com nome completo do estudante, carta de inten\u00e7\u00e3o para ingresso na Resid\u00eancia Agr\u00edcola anexa na forma pdf e os documentos abaixo que servir\u00e3o para avalia\u00e7\u00e3o na 1\u00aa etapa:<br>I &#8211; C\u00f3pia do RG<br>II &#8211; C\u00f3pia do CPF<br>III &#8211; Comprovante de Matr\u00edcula<br>V &#8211; <a href=\"https:\/\/www.ifbaiano.edu.br\/unidades\/santaines\/files\/2021\/09\/FICHA-DE-INSCRICAO-ANEXO-I.pdf\">Ficha de Inscri\u00e7\u00e3o<\/a> preenchida e assinada (Anexo I)<\/p>\n\n\n\n<p>O candidato dever\u00e1 fazer a leitura do <a href=\"https:\/\/www.ifbaiano.edu.br\/unidades\/santaines\/files\/2021\/09\/EDITAL-No-7_2021-de-09-de-setembro-de-2021.pdf\">edital<\/a> para maiores informa\u00e7\u00f5es e acessar a <a href=\"https:\/\/concurso.ifbaiano.edu.br\/portal\/residencia-agricola-santa-ines-setembro-2021\/\">p\u00e1gina de concurso<\/a> onde estar\u00e3o todas as publi\u00e7ac\u00f5es referentes ao certame.<\/p>\n\n\n\n<p>As d\u00favidas devem ser encaminhadas para o e-mail: xerofilas.cnpq@gmail.com. <\/p>\n\n\n\n<p>Documentos do Processo:<\/p>\n\n\n\n<ul><li><a href=\"https:\/\/www.ifbaiano.edu.br\/unidades\/santaines\/files\/2021\/09\/EDITAL-No-7_2021-de-09-de-setembro-de-2021.pdf\">Edital n\u00ba 7\/2021, de 09 de setembro de 2021<\/a> <\/li><\/ul>\n\n\n\n<ul><li><a href=\"https:\/\/www.ifbaiano.edu.br\/unidades\/santaines\/files\/2021\/09\/FICHA-DE-INSCRICAO-ANEXO-I.pdf\">Ficha de Inscri\u00e7\u00e3o<\/a><\/li><\/ul>\n\n\n\n<ul><li><a href=\"https:\/\/www.ifbaiano.edu.br\/unidades\/santaines\/files\/2021\/09\/Edital-de-Retificacao-No-8-2021-_-Retifica-Edital-No-7-2021-Residencia-Agricola-2021.pdf\">Edital de Retifica\u00e7\u00e3o N\u00ba 8\/2021<\/a><\/li><\/ul>\n\n\n\n<ul><li><a rel=\"noreferrer noopener\" target=\"_blank\" href=\"https:\/\/concurso.ifbaiano.edu.br\/portal\/residencia-agricola-santa-ines-setembro-2021\/wp-content\/uploads\/sites\/465\/2021\/09\/INSCRICOES-HOMOLOGADAS-REFERENTE-AO-EDITAL-No-07.pdf\">Inscri\u00e7\u00f5es homologadas<\/a><\/li><\/ul>\n\n\n\n<ul><li><a href=\"https:\/\/www.ifbaiano.edu.br\/unidades\/santaines\/files\/2021\/09\/EDITAL-No-7_2021-de-09-de-setembro-de-2021.pdf\"><\/a><a rel=\"noreferrer noopener\" target=\"_blank\" href=\"https:\/\/concurso.ifbaiano.edu.br\/portal\/residencia-agricola-santa-ines-setembro-2021\/wp-content\/uploads\/sites\/465\/2021\/09\/RESULTADO-DA-SELECAO-_-ANALISE-DOCUMENTAL.pdf\">Resultado da Sele\u00e7\u00e3o \u2013 An\u00e1lise documental<\/a> <\/li><\/ul>\n\n\n\n<ul><li><a href=\"https:\/\/concurso.ifbaiano.edu.br\/portal\/residencia-agricola-santa-ines-setembro-2021\/wp-content\/uploads\/sites\/465\/2021\/09\/RESULTADO-PRELIMINAR-27-de-setembro.pdf\">Resultado Preliminar<\/a><\/li><\/ul>\n\n\n\n<ul><li><a rel=\"noreferrer noopener\" target=\"_blank\" href=\"https:\/\/concurso.ifbaiano.edu.br\/portal\/residencia-agricola-santa-ines-setembro-2021\/wp-content\/uploads\/sites\/465\/2021\/09\/Resultado-Final_Residentes-do-Curso-Tecnico-em-Agropecuaria-vinculados-ao-PRONERA.pdf\">Resultado Final<\/a><\/li><\/ul>\n\n\n\n<hr class=\"wp-block-separator\" \/>\n","protected":false},"excerpt":{"rendered":"<p>O Campus Santa In\u00eas do IF Baiano publica Edital n\u00ba 7\/2021, de 09 de setembro de 2021 de Sele\u00e7\u00e3o de Residentes do Curso T\u00e9cnico em Agropecu\u00e1ria vinculados ao PRONERA\/IF Baiano para o Programa Resid\u00eancia Agr\u00edcola fomentado pelo Minist\u00e9rio de Agricultura e do Abastecimento (MAPA) por meio do Projeto Cadeia Produtiva do Licuri. Est\u00e3o abertas 05 [&hellip;]<\/p>\n","protected":false},"author":86,"featured_media":0,"comment_status":"closed","ping_status":"closed","sticky":false,"template":"","format":"standard","meta":[],"categories":[4,8,57],"tags":[],"_links":{"self":[{"href":"https:\/\/www.ifbaiano.edu.br\/unidades\/santaines\/wp-json\/wp\/v2\/posts\/15439"}],"collection":[{"href":"https:\/\/www.ifbaiano.edu.br\/unidades\/santaines\/wp-json\/wp\/v2\/posts"}],"about":[{"href":"https:\/\/www.ifbaiano.edu.br\/unidades\/santaines\/wp-json\/wp\/v2\/types\/post"}],"author":[{"embeddable":true,"href":"https:\/\/www.ifbaiano.edu.br\/unidades\/santaines\/wp-json\/wp\/v2\/users\/86"}],"replies":[{"embeddable":true,"href":"https:\/\/www.ifbaiano.edu.br\/unidades\/santaines\/wp-json\/wp\/v2\/comments?post=15439"}],"version-history":[{"count":10,"href":"https:\/\/www.ifbaiano.edu.br\/unidades\/santaines\/wp-json\/wp\/v2\/posts\/15439\/revisions"}],"predecessor-version":[{"id":15537,"href":"https:\/\/www.ifbaiano.edu.br\/unidades\/santaines\/wp-json\/wp\/v2\/posts\/15439\/revisions\/15537"}],"wp:attachment":[{"href":"https:\/\/www.ifbaiano.edu.br\/unidades\/santaines\/wp-json\/wp\/v2\/media?parent=15439"}],"wp:term":[{"taxonomy":"category","embeddable":true,"href":"https:\/\/www.ifbaiano.edu.br\/unidades\/santaines\/wp-json\/wp\/v2\/categories?post=15439"},{"taxonomy":"post_tag","embeddable":true,"href":"https:\/\/www.ifbaiano.edu.br\/unidades\/santaines\/wp-json\/wp\/v2\/tags?post=15439"}],"curies":[{"name":"wp","href":"https:\/\/api.w.org\/{rel}","templated":true}]}}