{"id":15467,"date":"2021-09-18T14:18:15","date_gmt":"2021-09-18T17:18:15","guid":{"rendered":"https:\/\/www.ifbaiano.edu.br\/unidades\/santaines\/?p=15467"},"modified":"2021-09-18T14:18:16","modified_gmt":"2021-09-18T17:18:16","slug":"comunidade-do-if-baiano-diz-nao-a-proposta-de-reordenamento-dos-institutos-federais-na-bahia","status":"publish","type":"post","link":"https:\/\/www.ifbaiano.edu.br\/unidades\/santaines\/comunidade-do-if-baiano-diz-nao-a-proposta-de-reordenamento-dos-institutos-federais-na-bahia\/","title":{"rendered":"Comunidade do IF Baiano diz n\u00e3o \u00e0 proposta de reordenamento dos Institutos Federais na Bahia"},"content":{"rendered":"\n<p>Na \u00faltima sexta-feira (17), o reitor do IF Baiano, A\u00e9cio Jos\u00e9 Ara\u00fajo Passos Duarte, esteve na Setec\/MEC, em Bras\u00edlia, para entregar o posicionamento da comunidade do IF Baiano que disse n\u00e3o \u00e0 proposta de reordenamento dos Institutos Federais na Bahia. O documento foi elaborado depois de consulta, por mais de 10 dias, aos diferentes segmentos da comunidade acad\u00eamica.<\/p>\n\n\n\n<p>O IF Baiano, juntamente com outros 10 institutos federais, foi chamado pelo ministro da Educa\u00e7\u00e3o para uma reuni\u00e3o em Bras\u00edlia no dia 30 de agosto. Durante a reuni\u00e3o, foi apresentada a proposta de reordenamento dos Institutos Federais e foi dado um prazo at\u00e9 o dia 20 de setembro para encaminhar a manifesta\u00e7\u00e3o da institui\u00e7\u00e3o. A partir de ent\u00e3o, foi elaborado um plano de a\u00e7\u00e3o para maximizar a transpar\u00eancia necess\u00e1ria ao tratamento da quest\u00e3o.<\/p>\n\n\n\n<p>O plano definido teve como prioridade realizar reuni\u00f5es com todos os segmentos da comunidade do IF Baiano para apresentar as informa\u00e7\u00f5es que a institui\u00e7\u00e3o tinha at\u00e9 o momento e ouvir a opini\u00e3o de servidores, estudantes e demais membros da comunidade.<\/p>\n\n\n\n<p>As primeiras reuni\u00f5es foram realizadas pelo reitor com o CONSUP, em seguida com o CODIR e por fim com a comunidade estudantil, nos dias 01, 02 e 03 de setembro. Depois, cada diretor em seu campus se reuniu com servidores e estudantes e, na reitoria, cada pr\u00f3-reitoria e diretoria sist\u00eamica ouviu os servidores do setor. O passo seguinte foi a designa\u00e7\u00e3o de uma Comiss\u00e3o Mista Codir-Consup para elaborar o documento apresentando o posicionamento da comunidade do IF Baiano, que se colocou contr\u00e1ria \u00e0 proposta de reordenamento, bem como um of\u00edcio conjunto do IF Baiano e IFBA informando a posi\u00e7\u00e3o contr\u00e1ria de ambas institui\u00e7\u00f5es. Esse of\u00edcio foi assinado pelo reitor do IF Baiano e pela reitoria do IFBA e protocolado na Setec\/MEC.<\/p>\n\n\n\n<p>Por fim, o reitor optou por ir \u00e0 Bras\u00edlia, acompanhado da pr\u00f3-reitora Hildonice Batista, presidente da Comiss\u00e3o Mista Codir-Consup, e do servidor Mateus Melo, representante do CONSUP, entregar pessoalmente o documento e refor\u00e7ar o pedido de que a opini\u00e3o da comunidade seja respeitada. Destacou ainda que esse posicionamento fosse visto como uma caracter\u00edstica de maturidade e pertencimento da comunidade ao nosso instituto que reserva caracter\u00edsticas muito particulares, a exemplo de ser 100% agr\u00edcola, sendo necess\u00e1rio em todo o territ\u00f3rio baiano.<\/p>\n\n\n\n<hr class=\"wp-block-separator\" \/>\n\n\n\n<p>Mat\u00e9ria ASCOM dispon\u00edvel em: https:\/\/ifbaiano.edu.br\/portal\/blog\/comunidade-do-if-baiano-diz-nao-a-proposta-de-reordenamento-dos-institutos-federais-na-bahia\/<\/p>\n","protected":false},"excerpt":{"rendered":"<p>Na \u00faltima sexta-feira (17), o reitor do IF Baiano, A\u00e9cio Jos\u00e9 Ara\u00fajo Passos Duarte, esteve na Setec\/MEC, em Bras\u00edlia, para entregar o posicionamento da comunidade do IF Baiano que disse n\u00e3o \u00e0 proposta de reordenamento dos Institutos Federais na Bahia. O documento foi elaborado depois de consulta, por mais de 10 dias, aos diferentes segmentos [&hellip;]<\/p>\n","protected":false},"author":86,"featured_media":15257,"comment_status":"closed","ping_status":"closed","sticky":false,"template":"","format":"standard","meta":[],"categories":[4,5,10,57],"tags":[],"_links":{"self":[{"href":"https:\/\/www.ifbaiano.edu.br\/unidades\/santaines\/wp-json\/wp\/v2\/posts\/15467"}],"collection":[{"href":"https:\/\/www.ifbaiano.edu.br\/unidades\/santaines\/wp-json\/wp\/v2\/posts"}],"about":[{"href":"https:\/\/www.ifbaiano.edu.br\/unidades\/santaines\/wp-json\/wp\/v2\/types\/post"}],"author":[{"embeddable":true,"href":"https:\/\/www.ifbaiano.edu.br\/unidades\/santaines\/wp-json\/wp\/v2\/users\/86"}],"replies":[{"embeddable":true,"href":"https:\/\/www.ifbaiano.edu.br\/unidades\/santaines\/wp-json\/wp\/v2\/comments?post=15467"}],"version-history":[{"count":1,"href":"https:\/\/www.ifbaiano.edu.br\/unidades\/santaines\/wp-json\/wp\/v2\/posts\/15467\/revisions"}],"predecessor-version":[{"id":15468,"href":"https:\/\/www.ifbaiano.edu.br\/unidades\/santaines\/wp-json\/wp\/v2\/posts\/15467\/revisions\/15468"}],"wp:featuredmedia":[{"embeddable":true,"href":"https:\/\/www.ifbaiano.edu.br\/unidades\/santaines\/wp-json\/wp\/v2\/media\/15257"}],"wp:attachment":[{"href":"https:\/\/www.ifbaiano.edu.br\/unidades\/santaines\/wp-json\/wp\/v2\/media?parent=15467"}],"wp:term":[{"taxonomy":"category","embeddable":true,"href":"https:\/\/www.ifbaiano.edu.br\/unidades\/santaines\/wp-json\/wp\/v2\/categories?post=15467"},{"taxonomy":"post_tag","embeddable":true,"href":"https:\/\/www.ifbaiano.edu.br\/unidades\/santaines\/wp-json\/wp\/v2\/tags?post=15467"}],"curies":[{"name":"wp","href":"https:\/\/api.w.org\/{rel}","templated":true}]}}