{"id":15476,"date":"2021-09-21T19:50:51","date_gmt":"2021-09-21T22:50:51","guid":{"rendered":"https:\/\/www.ifbaiano.edu.br\/unidades\/santaines\/?p=15476"},"modified":"2021-09-23T07:16:46","modified_gmt":"2021-09-23T10:16:46","slug":"em-ato-simbolico-if-baiano-campus-santa-ines-deposita-capsula-do-tempo-com-mensagens-da-comunidade-e-realiza-plantio-de-arvore","status":"publish","type":"post","link":"https:\/\/www.ifbaiano.edu.br\/unidades\/santaines\/em-ato-simbolico-if-baiano-campus-santa-ines-deposita-capsula-do-tempo-com-mensagens-da-comunidade-e-realiza-plantio-de-arvore\/","title":{"rendered":"Em ato simb\u00f3lico, IF Baiano &#8211; Campus Santa In\u00eas deposita c\u00e1psula do tempo com mensagens da comunidade e realiza plantio de \u00e1rvore"},"content":{"rendered":"\n<p>Como parte das comemora\u00e7\u00f5es dos seus 25 anos, o IF Baiano &#8211; Campus Santa In\u00eas realizou&nbsp;na manh\u00e3 da \u00faltima&nbsp;quinta-feira (16)&nbsp;&nbsp;um ato simb\u00f3lico com a guarda de sua c\u00e1psula do tempo e o plantio de uma \u00e1rvore no pr\u00e9dio administrativo da unidade. A solenidade, que respeitou os protocolos recomendados para a preven\u00e7\u00e3o da Covid-19, contou com a presen\u00e7a do reitor do IF Baiano, A\u00e9cio Jos\u00e9 Duarte, e pode ser conferida&nbsp;na \u00edntegra&nbsp;no&nbsp;youtube.<\/p>\n\n\n\n<figure class=\"wp-block-embed is-type-video is-provider-youtube wp-block-embed-youtube wp-embed-aspect-16-9 wp-has-aspect-ratio\"><div class=\"wp-block-embed__wrapper\">\n<iframe loading=\"lazy\" title=\"25 anos do IF Baiano Campus Santa In\u00eas - C\u00e1psula do Tempo e Plantio de \u00c1rvore\" width=\"500\" height=\"281\" src=\"https:\/\/www.youtube.com\/embed\/RMvxyDQJ97A?feature=oembed\" frameborder=\"0\" allow=\"accelerometer; autoplay; clipboard-write; encrypted-media; gyroscope; picture-in-picture\" allowfullscreen><\/iframe>\n<\/div><\/figure>\n\n\n\n<p>A c\u00e1psula do tempo do campus Santa In\u00eas guarda as mensagens, mem\u00f3rias e sonhos de estudantes, professores, t\u00e9cnicos, terceirizados, comunidade e amigos do campus Santa In\u00eas. Ela foi lan\u00e7ada no evento online de anivers\u00e1rio do campus e recebeu mais de 100 mensagens. O artefato foi depositado em uma bancada especial, no jardim central do pr\u00e9dio administrativo do campus, e ser\u00e1 aberto em 2046, quando o campus completar\u00e1 50 anos.<\/p>\n\n\n\n<div class=\"wp-block-media-text alignwide is-stacked-on-mobile\"><figure class=\"wp-block-media-text__media\"><img decoding=\"async\" loading=\"lazy\" width=\"1200\" height=\"1600\" src=\"https:\/\/www.ifbaiano.edu.br\/unidades\/santaines\/files\/2021\/09\/capsula-25-anos-SI-1.jpeg\" alt=\"\" class=\"wp-image-15480 size-full\" \/><\/figure><div class=\"wp-block-media-text__content\">\n<p>\u201c\u00c9 preciso evidenciar neste momento justamente a intera\u00e7\u00e3o que o campus Santa In\u00eas faz com este territ\u00f3rio, com esta comunidade, j\u00e1 h\u00e1 25 anos, em um grande esfor\u00e7o cont\u00ednuo para contribuir atrav\u00e9s do processo educacional, da pesquisa e da extens\u00e3o, para o desenvolvimento de toda esta regi\u00e3o. S\u00f3 podemos fazer isso atrav\u00e9s do processo educacional. Nesses 25 anos, essa unidade transformou muitas vidas\u201d, afirmou o reitor do IF Baiano, A\u00e9cio Jos\u00e9 Duarte. \u201cNesse ato simb\u00f3lico de deixar mensagens na c\u00e1psula do tempo, por mais 25 anos, espero que essa unidade se fortifique, espero que o IF Baiano se fortifique, e que a nossa Rede de Educa\u00e7\u00e3o Profissional e Tecnol\u00f3gica, presente em 643 munic\u00edpios de todo o Brasil, se fortifique cada vez mais.\u00a0Esse ato \u00e9 representativo para mostrar o quanto nos orgulhamos de pertencer a tudo isso\u201d, concluiu.<\/p>\n<\/div><\/div>\n\n\n\n<p>\u201cEssa \u00e9 uma forma de celebrar nosso anivers\u00e1rio com carinho e seguran\u00e7a, compartilhando desafios e esperan\u00e7as do presente e com um olhar de confian\u00e7a para o futuro\u201d afirma Abdon Nogueira, diretor-geral do campus Santa In\u00eas.\u00a0\u00c9\u00a0um momento muito especial, pois \u00e9 uma forma de fazer com que alunos, profissionais que trabalham na institui\u00e7\u00e3o e demais membros da comunidade pensem sobre o passar do tempo e fa\u00e7am proje\u00e7\u00f5es positivas para o futuro. Tenho a certeza que quando chegar o momento de sua abertura muitos de n\u00f3s iremos lembrar com carinho desse momento e fazer uma reflex\u00e3o do que se passou\u201d, concluiu o diretor.<\/p>\n\n\n\n<hr class=\"wp-block-separator\" \/>\n\n\n\n<p><strong>Plantio de \u00e1rvore como s\u00edmbolo da educa\u00e7\u00e3o do futuro<\/strong><\/p>\n\n\n\n<p>Simbolizando as contribui\u00e7\u00f5es dos diversos segmentos da comunidade na constru\u00e7\u00e3o da hist\u00f3ria do campus, participaram do rito da c\u00e1psula e do plantio da \u00e1rvore, de forma alternada, a egressa da primeira turma Ana Paula Souza Oliveira Lopes, o servidor Valter Costa Silva que est\u00e1 no campus desde o in\u00edcio de sua hist\u00f3ria, a estudante de gradua\u00e7\u00e3o Maria Clara Souza Silva e o representante da comunidade externa, H\u00e9lio de Castilho Barbosa Filho.<\/p>\n\n\n\n<p>\u201cSinto-me privilegiada em representar a primeira turma desse&nbsp;centro de&nbsp;excel\u00eancia, como tamb\u00e9m a comunidade de Santa In\u00eas.&nbsp;Agrade\u00e7o&nbsp;ao Instituto Federal Baiano Campus Santa In\u00eas e a todos os envolvidos direto e indiretamente nessa jornada de aprendizado, que se iniciou h\u00e1 25 anos e continua a formar cidad\u00e3os comprometidos com a sociedade\u201d,&nbsp;afirmou a egressa Ana Paula Lopes.<\/p>\n\n\n\n<p>A estudante&nbsp;Maria Clara Souza Silva&nbsp;expressou a emo\u00e7\u00e3o de representar os discentes no plantio da \u00e1rvore:&nbsp;\u201csinto-me honrada e grata por fazer parte dos 25 anos do IF Baiano, um momento t\u00e3o especial. Foi uma mistura de sentimentos, nervosismo, felicidade e entusiasmo. O sentimento de gratid\u00e3o ficar\u00e1 para sempre!\u201d.<\/p>\n\n\n\n<figure class=\"wp-block-gallery columns-2 is-cropped wp-block-gallery-1 is-layout-flex\"><ul class=\"blocks-gallery-grid\"><li class=\"blocks-gallery-item\"><figure><a href=\"https:\/\/www.ifbaiano.edu.br\/unidades\/santaines\/files\/2021\/09\/65c93bed-4461-4f84-82c3-b85452f96a37.jpg\"><img decoding=\"async\" loading=\"lazy\" width=\"720\" height=\"1280\" src=\"https:\/\/www.ifbaiano.edu.br\/unidades\/santaines\/files\/2021\/09\/65c93bed-4461-4f84-82c3-b85452f96a37.jpg\" alt=\"\" data-id=\"15479\" data-full-url=\"https:\/\/www.ifbaiano.edu.br\/unidades\/santaines\/files\/2021\/09\/65c93bed-4461-4f84-82c3-b85452f96a37.jpg\" data-link=\"https:\/\/www.ifbaiano.edu.br\/unidades\/santaines\/?attachment_id=15479\" class=\"wp-image-15479\" \/><\/a><figcaption class=\"blocks-gallery-item__caption\">Valter Costa Silva e Maria Clara Silva<\/figcaption><\/figure><\/li><li class=\"blocks-gallery-item\"><figure><a href=\"https:\/\/www.ifbaiano.edu.br\/unidades\/santaines\/files\/2021\/09\/6c335a14-294c-4e74-950f-c7bcd436d787.jpg\"><img decoding=\"async\" loading=\"lazy\" width=\"720\" height=\"1280\" src=\"https:\/\/www.ifbaiano.edu.br\/unidades\/santaines\/files\/2021\/09\/6c335a14-294c-4e74-950f-c7bcd436d787.jpg\" alt=\"\" data-id=\"15478\" data-full-url=\"https:\/\/www.ifbaiano.edu.br\/unidades\/santaines\/files\/2021\/09\/6c335a14-294c-4e74-950f-c7bcd436d787.jpg\" data-link=\"https:\/\/www.ifbaiano.edu.br\/unidades\/santaines\/?attachment_id=15478\" class=\"wp-image-15478\" \/><\/a><figcaption class=\"blocks-gallery-item__caption\">H\u00e9lio de Castilho Barbosa Filho<\/figcaption><\/figure><\/li><\/ul><\/figure>\n\n\n\n<p>\u201cDepois de passar alguns anos da vida dedicadas ao trabalho, ser reconhecido pelos colegas em ato comemorativo fez com que sentisse uma imensa satisfa\u00e7\u00e3o. Que o Campus Santa In\u00eas continue transformando pessoas!\u201d,&nbsp;afirmou Valter Silva, que no ato representou a contribui\u00e7\u00e3o de servidores e terceirizados na constru\u00e7\u00e3o da educa\u00e7\u00e3o ofertada pelo campus.<\/p>\n\n\n\n<p>H\u00e9lio de Castilho Barbosa Filho,&nbsp;ao realizar a primeira rega da \u00e1rvore rec\u00e9m-plantada, representou a parceria do campus com a comunidade externa em sua hist\u00f3ria. \u201cA&nbsp;educa\u00e7\u00e3o \u00e9 o caminho para as mudan\u00e7as sociais significativas que o nosso pa\u00eds precisa. Para o Munic\u00edpio de Santa In\u00eas, para o Territ\u00f3rio do Vale do Jiquiri\u00e7\u00e1 e tamb\u00e9m para outros munic\u00edpios, esta unidade educacional tem destacada import\u00e2ncia por oportunizar que anseios do alunado e seus familiares possam leva-los \u00e0 realidade almejada ou mais pr\u00f3ximo dela. Parabenizo o IF BAIANO, Campus Santa In\u00eas, por sua atua\u00e7\u00e3o e desempenho\u201d,&nbsp;concluiu.<\/p>\n\n\n\n<hr class=\"wp-block-separator\" \/>\n\n\n\n<p><strong>Um ano de comemora\u00e7\u00f5es especiais<\/strong><\/p>\n\n\n\n<p>Para marcar seus 25 anos sem deixar de considerar os cuidados necess\u00e1rios em um ano de pandemia, o campus Santa In\u00eas est\u00e1 realizando uma s\u00e9rie de a\u00e7\u00f5es digitais e simb\u00f3licas. No dia do anivers\u00e1rio,&nbsp;17 de junho, o campus realizou uma solenidade e&nbsp;lan\u00e7ou a Linha do Tempo online com fatos marcantes de sua hist\u00f3ria. Foi lan\u00e7ado um cordel em homenagem ao campus.&nbsp;Tamb\u00e9m est\u00e3o previstos um v\u00eddeo e materiais gr\u00e1ficos sobre a hist\u00f3ria e atua\u00e7\u00e3o do campus no Vale do Jiquiri\u00e7\u00e1. As a\u00e7\u00f5es podem ser acompanhadas no site&nbsp;<a href=\"http:\/\/santaines25anos.ifbaiano.edu.br\/\" target=\"_blank\" rel=\"noreferrer noopener\">santaines25anos.ifbaiano.edu.br<\/a>.<br><\/p>\n\n\n\n<p>A hist\u00f3ria do&nbsp;<em>Campus<\/em>&nbsp;Santa In\u00eas come\u00e7a em&nbsp;17 de junho&nbsp;de 1996, com o in\u00edcio do funcionamento da Escola Agrot\u00e9cnica Federal de Santa In\u00eas. Em 2008, com a cria\u00e7\u00e3o dos Institutos Federais, tornou-se IF Baiano &#8211; Campus Santa In\u00eas.&nbsp;<br><\/p>\n\n\n\n<p>Durante sua trajet\u00f3ria, o campus Santa In\u00eas se consolidou como refer\u00eancia em ensino, pesquisa e extens\u00e3o no Territ\u00f3rio de Identidade do Vale do Jiquiri\u00e7\u00e1, inclusive com projetos que beneficiam a comunidade dos munic\u00edpios. Exemplos s\u00e3o o projeto de Monitoramento da Qualidade da \u00e1gua do Rio Jiquiri\u00e7\u00e1, principal rio do territ\u00f3rio; o programa Mulheres Mil, que ofereceu forma\u00e7\u00e3o profissional a 100 mulheres de Santa In\u00eas, Uba\u00edra e Mutu\u00edpe; a constru\u00e7\u00e3o de 600 cisternas nos munic\u00edpios do territ\u00f3rio, e o projeto M\u00e3e Terra, que beneficiou mais de 1000 fam\u00edlias de agricultores com a\u00e7\u00f5es de educa\u00e7\u00e3o e desenvolvimento rural. Durante a pandemia, o campus tamb\u00e9m realiza a\u00e7\u00f5es de enfrentamento \u00e0 Covid-19. J\u00e1 foram distribu\u00eddos mais de 1.300 litros de sab\u00e3o l\u00edquido, 600 m\u00e1scaras, mais 300 kits de higiene e 240 cestas de alimentos para servi\u00e7os de sa\u00fade e fam\u00edlias do Vale do Jiquiri\u00e7\u00e1.<\/p>\n","protected":false},"excerpt":{"rendered":"<p>Como parte das comemora\u00e7\u00f5es dos seus 25 anos, o IF Baiano &#8211; Campus Santa In\u00eas realizou&nbsp;na manh\u00e3 da \u00faltima&nbsp;quinta-feira (16)&nbsp;&nbsp;um ato simb\u00f3lico com a guarda de sua c\u00e1psula do tempo e o plantio de uma \u00e1rvore no pr\u00e9dio administrativo da unidade. A solenidade, que respeitou os protocolos recomendados para a preven\u00e7\u00e3o da Covid-19, contou com [&hellip;]<\/p>\n","protected":false},"author":86,"featured_media":15486,"comment_status":"closed","ping_status":"closed","sticky":false,"template":"","format":"standard","meta":[],"categories":[4,5,37,57],"tags":[],"_links":{"self":[{"href":"https:\/\/www.ifbaiano.edu.br\/unidades\/santaines\/wp-json\/wp\/v2\/posts\/15476"}],"collection":[{"href":"https:\/\/www.ifbaiano.edu.br\/unidades\/santaines\/wp-json\/wp\/v2\/posts"}],"about":[{"href":"https:\/\/www.ifbaiano.edu.br\/unidades\/santaines\/wp-json\/wp\/v2\/types\/post"}],"author":[{"embeddable":true,"href":"https:\/\/www.ifbaiano.edu.br\/unidades\/santaines\/wp-json\/wp\/v2\/users\/86"}],"replies":[{"embeddable":true,"href":"https:\/\/www.ifbaiano.edu.br\/unidades\/santaines\/wp-json\/wp\/v2\/comments?post=15476"}],"version-history":[{"count":15,"href":"https:\/\/www.ifbaiano.edu.br\/unidades\/santaines\/wp-json\/wp\/v2\/posts\/15476\/revisions"}],"predecessor-version":[{"id":15509,"href":"https:\/\/www.ifbaiano.edu.br\/unidades\/santaines\/wp-json\/wp\/v2\/posts\/15476\/revisions\/15509"}],"wp:featuredmedia":[{"embeddable":true,"href":"https:\/\/www.ifbaiano.edu.br\/unidades\/santaines\/wp-json\/wp\/v2\/media\/15486"}],"wp:attachment":[{"href":"https:\/\/www.ifbaiano.edu.br\/unidades\/santaines\/wp-json\/wp\/v2\/media?parent=15476"}],"wp:term":[{"taxonomy":"category","embeddable":true,"href":"https:\/\/www.ifbaiano.edu.br\/unidades\/santaines\/wp-json\/wp\/v2\/categories?post=15476"},{"taxonomy":"post_tag","embeddable":true,"href":"https:\/\/www.ifbaiano.edu.br\/unidades\/santaines\/wp-json\/wp\/v2\/tags?post=15476"}],"curies":[{"name":"wp","href":"https:\/\/api.w.org\/{rel}","templated":true}]}}