{"id":15524,"date":"2021-10-19T20:57:00","date_gmt":"2021-10-19T23:57:00","guid":{"rendered":"https:\/\/www.ifbaiano.edu.br\/unidades\/santaines\/?p=15524"},"modified":"2021-10-19T22:21:02","modified_gmt":"2021-10-20T01:21:02","slug":"selecao-para-ingresso-de-estudantes-em-cursos-tecnicos-subsequentes-na-modalidade-ead","status":"publish","type":"post","link":"https:\/\/www.ifbaiano.edu.br\/unidades\/santaines\/selecao-para-ingresso-de-estudantes-em-cursos-tecnicos-subsequentes-na-modalidade-ead\/","title":{"rendered":"Sele\u00e7\u00e3o para ingresso de estudantes em cursos T\u00e9cnicos subsequentes na modalidade EaD"},"content":{"rendered":"\n<p>O IF Baiano &#8211; Campus Santa In\u00eas publicou novo edital sobre Processo Seletivo de Vagas Remanescentes II&nbsp;para ingresso de estudantes nos cursos da Educa\u00e7\u00e3o Profissional T\u00e9cnica de n\u00edvel m\u00e9dio, na forma subsequente ao Ensino M\u00e9dio na Modalidade de Educa\u00e7\u00e3o a Dist\u00e2ncia (EaD), por meio de Manifesta\u00e7\u00e3o de Interesse na Vaga, atrav\u00e9s de Edital de fluxo cont\u00ednuo. A sele\u00e7\u00e3o ser\u00e1 realizada, EXCLUSIVAMENTE de forma eletr\u00f4nica, no per\u00edodo de 1 a 13 de outubro de 2021.<\/p>\n\n\n\n<p>Est\u00e3o sendo disponibilizadas 86 vagas. Sendo: 39 vagas para o Curso de Multimeios Did\u00e1ticos na cidade de Santa In\u00eas; 19 vagas para o Curso de Multimeios Did\u00e1ticos na cidade de Marac\u00e1s e 28 vagas para o Curso de Vendas na cidade de Marac\u00e1s.<\/p>\n\n\n\n<p>Para ingressar nos cursos t\u00e9cnicos na forma subsequente ao Ensino M\u00e9dio EAD do IF Baiano, o(a) candidato(a) precisa ter conclu\u00eddo o Ensino M\u00e9dio at\u00e9 o dia da matr\u00edcula. Esses(as) candidatos(as) dever\u00e3o manifestar interesse na vaga, atrav\u00e9s do encaminhamento de e-mail para  prosel@si.ifbaiano.edu.br, de 8h do dia 1 de outubro \u00e0s 16h do dia 13 de outubro 2021 com a <a href=\"https:\/\/www.ifbaiano.edu.br\/unidades\/santaines\/files\/2021\/09\/ANEXO-II.pdf\">declara\u00e7\u00e3o<\/a> que dever\u00e1 estar preenchida e assinada, os seguintes documentos: <br>&#8211; Documento de Identifica\u00e7\u00e3o, conforme disposto no edital;<br>&#8211; CPF;<br>&#8211; Certid\u00e3o de Nascimento ou casamento;<br>&#8211; Certificado de Conclus\u00e3o e Hist\u00f3rico Escolar do Ensino M\u00e9dio ou Certificado de conclus\u00e3o do ensino m\u00e9dio por meio do desempenho no ENEM ou ENCCEJA. Quando oriundo de pa\u00edses estrangeiros, este documento dever\u00e1 estar revalidado e devidamente acompanhado da respectiva tradu\u00e7\u00e3o juramentada.<br>&#8211; Grupo sangu\u00edneo do sistema ABO e fator RH;<br>&#8211; Cart\u00e3o de vacina\u00e7\u00e3o constando vacina contra t\u00e9tano nos \u00faltimos dez anos, devidamente assinada pelo agente de sa\u00fade;<br>&#8211; Cart\u00e3o do SUS;<br>&#8211; Comprovante de resid\u00eancia do ano corrente ou declara\u00e7\u00e3o de domic\u00edlio;<br>&#8211; Certificado de Quita\u00e7\u00e3o do Servi\u00e7o Militar (para candidatos do sexo masculino a partir dos 18 anos);<br>&#8211; Quita\u00e7\u00e3o da Justi\u00e7a Eleitoral para candidatos maiores de 18 anos (dispon\u00edvel em: https:\/\/www.tre-ba.jus.br\/eleitor\/certidoes\/certidao-de-quitacaoeleitoral);<br>&#8211; RG e CPF do(a) respons\u00e1vel (se o(a) candidato(a) for menor de 18 anos);<br>&#8211; 01 foto 3\u00d74 (recente).<\/p>\n\n\n\n<p>Os arquivos encaminhados dever\u00e3o estar preferencialmente no formato PDF (em arquivo \u00fanico), com o assunto do e-mail: EDITAL DE MANIFESTA\u00c7\u00c3O DE INTERESSE \u2013 SUBSEQUENTE EAD.<\/p>\n\n\n\n<p>D\u00favidas devem ser encaminhadas para o e-mail: <a href=\"mailto:prosel.bonfim@bonfim.ifbaiano.edu.br\">prosel@si.ifbaiano.edu.br<\/a><\/p>\n\n\n\n<p><strong>Acompanhe as etapas do Processo:<\/strong><\/p>\n\n\n\n<ul><li><a rel=\"noreferrer noopener\" target=\"_blank\" href=\"https:\/\/concurso.ifbaiano.edu.br\/portal\/vagas-subsequente-ead-santa-ines-setembro-2021\/wp-content\/uploads\/sites\/475\/2021\/09\/Edital-No-9_2021-PROCESSO-SELETIVO-DE-VAGAS-REMANESCENTES-II-MODALIDADE-EAD.pdf\">Edital n\u00ba 09<\/a> <\/li><li><a rel=\"noreferrer noopener\" target=\"_blank\" href=\"https:\/\/concurso.ifbaiano.edu.br\/portal\/vagas-subsequente-ead-santa-ines-setembro-2021\/wp-content\/uploads\/sites\/475\/2021\/10\/MATRICULA-EaD-ATE-13-DE-OUTUBRO-Publicacao.pdf\">Lista de Matriculados e Espera<\/a><\/li><li><a rel=\"noreferrer noopener\" target=\"_blank\" href=\"https:\/\/concurso.ifbaiano.edu.br\/portal\/vagas-subsequente-ead-santa-ines-setembro-2021\/wp-content\/uploads\/sites\/475\/2021\/10\/LISTA-FINAL-POS-RECURSO-EaD-EDITAL-09.pdf\">Resultado Final<\/a><\/li><\/ul>\n\n\n\n<hr class=\"wp-block-separator\" \/>\n","protected":false},"excerpt":{"rendered":"<p>Inscri\u00e7\u00f5es EXCLUSIVAMENTE de forma eletr\u00f4nica, no per\u00edodo de 1 a 13 de outubro de 2021<\/p>\n","protected":false},"author":86,"featured_media":15231,"comment_status":"closed","ping_status":"closed","sticky":false,"template":"","format":"standard","meta":[],"categories":[4,13,8,57],"tags":[],"_links":{"self":[{"href":"https:\/\/www.ifbaiano.edu.br\/unidades\/santaines\/wp-json\/wp\/v2\/posts\/15524"}],"collection":[{"href":"https:\/\/www.ifbaiano.edu.br\/unidades\/santaines\/wp-json\/wp\/v2\/posts"}],"about":[{"href":"https:\/\/www.ifbaiano.edu.br\/unidades\/santaines\/wp-json\/wp\/v2\/types\/post"}],"author":[{"embeddable":true,"href":"https:\/\/www.ifbaiano.edu.br\/unidades\/santaines\/wp-json\/wp\/v2\/users\/86"}],"replies":[{"embeddable":true,"href":"https:\/\/www.ifbaiano.edu.br\/unidades\/santaines\/wp-json\/wp\/v2\/comments?post=15524"}],"version-history":[{"count":3,"href":"https:\/\/www.ifbaiano.edu.br\/unidades\/santaines\/wp-json\/wp\/v2\/posts\/15524\/revisions"}],"predecessor-version":[{"id":15634,"href":"https:\/\/www.ifbaiano.edu.br\/unidades\/santaines\/wp-json\/wp\/v2\/posts\/15524\/revisions\/15634"}],"wp:featuredmedia":[{"embeddable":true,"href":"https:\/\/www.ifbaiano.edu.br\/unidades\/santaines\/wp-json\/wp\/v2\/media\/15231"}],"wp:attachment":[{"href":"https:\/\/www.ifbaiano.edu.br\/unidades\/santaines\/wp-json\/wp\/v2\/media?parent=15524"}],"wp:term":[{"taxonomy":"category","embeddable":true,"href":"https:\/\/www.ifbaiano.edu.br\/unidades\/santaines\/wp-json\/wp\/v2\/categories?post=15524"},{"taxonomy":"post_tag","embeddable":true,"href":"https:\/\/www.ifbaiano.edu.br\/unidades\/santaines\/wp-json\/wp\/v2\/tags?post=15524"}],"curies":[{"name":"wp","href":"https:\/\/api.w.org\/{rel}","templated":true}]}}