{"id":15535,"date":"2021-10-19T08:12:00","date_gmt":"2021-10-19T11:12:00","guid":{"rendered":"https:\/\/www.ifbaiano.edu.br\/unidades\/santaines\/?p=15535"},"modified":"2021-10-19T08:13:45","modified_gmt":"2021-10-19T11:13:45","slug":"campus-santa-ines-divulga-chamada-publica-para-aquisicao-de-alimentos-da-agricultura-familiar-2","status":"publish","type":"post","link":"https:\/\/www.ifbaiano.edu.br\/unidades\/santaines\/campus-santa-ines-divulga-chamada-publica-para-aquisicao-de-alimentos-da-agricultura-familiar-2\/","title":{"rendered":"Campus Santa In\u00eas divulga Chamada P\u00fablica para aquisi\u00e7\u00e3o de alimentos da agricultura familiar"},"content":{"rendered":"\n<p>O IF Baiano Campus Santa In\u00eas publica edital de chamada p\u00fablica para formaliza\u00e7\u00e3o de dispensa de licita\u00e7\u00e3o para aquisi\u00e7\u00e3o de g\u00eaneros aliment\u00edcios da agricultura familiar para o atendimento ao Programa Nacional de Alimenta\u00e7\u00e3o Escolar \u2013 PNAE.<\/p>\n\n\n\n<p>Os interessados t\u00eam at\u00e9 as 9h do dia 20 de outubro para envio d<span style=\"font-size: revert;color: initial\">os documentos de Habilita\u00e7\u00e3o e dos Projetos de Venda, atrav\u00e9s de e-mail compras.ifbaiano@gmail.com<\/span>. Os produtores que n\u00e3o enviarem a documenta\u00e7\u00e3o para o e-mail constante do edital at\u00e9 o dia e hor\u00e1rio informados, n\u00e3o poder\u00e3o participar do certame. <\/p>\n\n\n\n<p>A a<span style=\"font-size: revert;color: initial\">bertura dos e-mails contendo os documentos de habilita\u00e7\u00e3o e projeto de venda acontece no dia 20 de outubro de 2021, \u00e0s 9h (hor\u00e1rio de Bras\u00edlia). <\/span> \u00c9 imprescind\u00edvel a leitura do edital para confer\u00eancias das informa\u00e7\u00f5es e dos procedimentos de encaminhamento da documenta\u00e7\u00e3o.<\/p>\n\n\n\n<p>Somente poder\u00e3o participar deste procedimento os fornecedores Individuais, agricultores familiares organizados em grupos informais detentores da Declara\u00e7\u00e3o de Aptid\u00e3o ao Programa Nacional de Fortalecimento da Agricultura Familiar \u2013 DAP F\u00edsica de cada agricultor e grupos formais: Agricultores familiares organizados em grupos formais (cooperativas e associa\u00e7\u00f5es) detentores da Declara\u00e7\u00e3o de Aptid\u00e3o ao Programa Nacional de Fortalecimento da Agricultura Familiar \u2013 DAP Jur\u00eddica.<\/p>\n\n\n\n<p>O <strong><a href=\"https:\/\/www.ifbaiano.edu.br\/unidades\/santaines\/files\/2021\/09\/Edital-Chamada-Publica-01-2021.pdf\">Edital n\u00ba 08\/2021<\/a><\/strong>, bem como, as demais informa\u00e7\u00f5es referentes a esta Chamada P\u00fablica est\u00e3o dispon\u00edveis na <a href=\"https:\/\/www.ifbaiano.edu.br\/unidades\/santaines\/dispensa-de-licitacao-2021\/\"><strong>P\u00e1gina de Licita\u00e7\u00f5es<\/strong>.<\/a><\/p>\n\n\n\n<p>D\u00favidas dever\u00e3o ser encaminhadas para o e-mail  <span style=\"font-size: revert;color: initial\">compras.ifbaiano@gmail.com<\/span>.<\/p>\n\n\n\n<hr class=\"wp-block-separator\" \/>\n","protected":false},"excerpt":{"rendered":"<p>Os documentos de Habilita\u00e7\u00e3o e os Projetos de Venda devem ser enviados, por e-mail, at\u00e9 as 9h do dia 20\/10\/2021 <\/p>\n","protected":false},"author":86,"featured_media":15539,"comment_status":"closed","ping_status":"closed","sticky":false,"template":"","format":"standard","meta":[],"categories":[4,5,57],"tags":[],"_links":{"self":[{"href":"https:\/\/www.ifbaiano.edu.br\/unidades\/santaines\/wp-json\/wp\/v2\/posts\/15535"}],"collection":[{"href":"https:\/\/www.ifbaiano.edu.br\/unidades\/santaines\/wp-json\/wp\/v2\/posts"}],"about":[{"href":"https:\/\/www.ifbaiano.edu.br\/unidades\/santaines\/wp-json\/wp\/v2\/types\/post"}],"author":[{"embeddable":true,"href":"https:\/\/www.ifbaiano.edu.br\/unidades\/santaines\/wp-json\/wp\/v2\/users\/86"}],"replies":[{"embeddable":true,"href":"https:\/\/www.ifbaiano.edu.br\/unidades\/santaines\/wp-json\/wp\/v2\/comments?post=15535"}],"version-history":[{"count":6,"href":"https:\/\/www.ifbaiano.edu.br\/unidades\/santaines\/wp-json\/wp\/v2\/posts\/15535\/revisions"}],"predecessor-version":[{"id":15556,"href":"https:\/\/www.ifbaiano.edu.br\/unidades\/santaines\/wp-json\/wp\/v2\/posts\/15535\/revisions\/15556"}],"wp:featuredmedia":[{"embeddable":true,"href":"https:\/\/www.ifbaiano.edu.br\/unidades\/santaines\/wp-json\/wp\/v2\/media\/15539"}],"wp:attachment":[{"href":"https:\/\/www.ifbaiano.edu.br\/unidades\/santaines\/wp-json\/wp\/v2\/media?parent=15535"}],"wp:term":[{"taxonomy":"category","embeddable":true,"href":"https:\/\/www.ifbaiano.edu.br\/unidades\/santaines\/wp-json\/wp\/v2\/categories?post=15535"},{"taxonomy":"post_tag","embeddable":true,"href":"https:\/\/www.ifbaiano.edu.br\/unidades\/santaines\/wp-json\/wp\/v2\/tags?post=15535"}],"curies":[{"name":"wp","href":"https:\/\/api.w.org\/{rel}","templated":true}]}}